{"id":29372,"date":"2025-10-31T22:19:06","date_gmt":"2025-11-01T01:19:06","guid":{"rendered":"https:\/\/partediario.com.ar\/?p=29372"},"modified":"2025-11-02T14:26:27","modified_gmt":"2025-11-02T17:26:27","slug":"milei-rearma-su-gabinete-con-adorni-como-jefe-y-caputo-adentro-el-pro-sin-lugares-de-peso-ejecutivo","status":"publish","type":"post","link":"https:\/\/partediario.com.ar\/?p=29372","title":{"rendered":"Milei rearma su gabinete con Adorni como Jefe y Caputo adentro, el PRO sin lugares de peso ejecutivo"},"content":{"rendered":"\n<h2 class=\"wp-block-heading\">Tras la renuncia de Guillermo Francos, el presidente Javier Milei avanza a paso firme en una profunda reconfiguraci\u00f3n de su Gabinete que, en la pr\u00e1ctica, deja al PRO-Macrismo sin lugares de peso en el Ejecutivo.<\/h2>\n\n\n\n<p>Fuentes cercanas al Gobierno confirmaron la nueva estructura, que requiere una modificaci\u00f3n de la Ley de Ministerios y consolida a los hombres de m\u00e1xima confianza del c\u00edrculo presidencial.<\/p>\n\n\n\n<p>El nuevo esquema dentro del c\u00edrculo de confianza del presidente quedar\u00eda configurado de la siguiente manera:<\/p>\n\n\n\n<p><strong>El nuevo Gabinete:<\/strong><\/p>\n\n\n\n<p>Jefatura de Gabinete: Manuel Adorni. El actual vocero presidencial, de extrema lealtad a Javier y Karina Milei, reemplazar\u00e1 a Francos.<\/p>\n\n\n\n<p>Ministerio del Interior: Santiago Caputo. El \u00abasesor estrella\u00bb desembarca formalmente en el Gabinete con un rol centralizado \u00abal estilo noventista\u00bb, absorbiendo las \u00e1reas de Transporte y Obras P\u00fablicas.<\/p>\n\n\n\n<p>Ministerio de Seguridad: Alejandra Monteoliva. La actual segunda de Patricia Bullrich (electa senadora) quedar\u00e1 al frente de la cartera.<\/p>\n\n\n\n<p>Ministerio de Justicia: Sebasti\u00e1n Amerio (actual Secretario de Justicia) asumir\u00eda como Ministro, en reemplazo de Mariano C\u00faneo Libarona.<\/p>\n\n\n\n<p>Vocer\u00eda Presidencial: Javier Lanari. El actual subsecretario de Prensa ocupar\u00eda el lugar que deja Adorni.<\/p>\n\n\n\n<p><strong>Destinos pol\u00edticos: Francos, Bullrich y Menem<\/strong><\/p>\n\n\n\n<p>En cuanto a los funcionarios salientes y los roles legislativos, el armado se completa de la siguiente forma:<\/p>\n\n\n\n<p>Guillermo Francos: El ex Jefe de Gabinete tendr\u00eda como destino un puesto diplom\u00e1tico. Las fuentes indican que ir\u00eda a Ginebra como embajador.<\/p>\n\n\n\n<p>Patricia Bullrich: Tras su elecci\u00f3n como senadora nacional, la ministra saliente ser\u00e1 la Presidenta del bloque de La Libertad Avanza en el Senado.<\/p>\n\n\n\n<p>Mart\u00edn Menem: Ser\u00e1 ratificado en su influyente rol como Presidente de la C\u00e1mara de Diputados.<\/p>\n\n\n\n<p>La principal lectura pol\u00edtica de esta reconfiguraci\u00f3n es el fin del \u00abgabinete de coalici\u00f3n\u00bb. Con la salida de Bullrich, Petri (Defensa) y la inminente de C\u00faneo Libarona (Justicia), el PRO y los sectores aliados pierden toda representaci\u00f3n ministerial, dando paso a un equipo \u00abpuro\u00bb de La Libertad Avanza.<\/p>\n","protected":false},"excerpt":{"rendered":"<p>Tras la renuncia de Guillermo Francos, el presidente Javier Milei avanza a paso firme en una profunda reconfiguraci&oacute;n de su Gabinete que, en la pr&aacute;ctica, deja al PRO-Macrismo sin lugares de peso en el Ejecutivo. Fuentes cercanas al Gobierno confirmaron la nueva estructura, que requiere una modificaci&oacute;n de la Ley de Ministerios y consolida a [&hellip;]<\/p>\n","protected":false},"author":2,"featured_media":29373,"comment_status":"closed","ping_status":"closed","sticky":false,"template":"","format":"standard","meta":{"footnotes":""},"categories":[5,176],"tags":[374,329,232,510,2062,7042,1929],"class_list":["post-29372","post","type-post","status-publish","format-standard","has-post-thumbnail","hentry","category-nacionales","category-politica","tag-gabinete","tag-guillermo-francos","tag-javier-milei","tag-patricia-bullrich","tag-pro","tag-rearma","tag-santiago-caputo"],"_links":{"self":[{"href":"https:\/\/partediario.com.ar\/index.php?rest_route=\/wp\/v2\/posts\/29372","targetHints":{"allow":["GET"]}}],"collection":[{"href":"https:\/\/partediario.com.ar\/index.php?rest_route=\/wp\/v2\/posts"}],"about":[{"href":"https:\/\/partediario.com.ar\/index.php?rest_route=\/wp\/v2\/types\/post"}],"author":[{"embeddable":true,"href":"https:\/\/partediario.com.ar\/index.php?rest_route=\/wp\/v2\/users\/2"}],"replies":[{"embeddable":true,"href":"https:\/\/partediario.com.ar\/index.php?rest_route=%2Fwp%2Fv2%2Fcomments&post=29372"}],"version-history":[{"count":1,"href":"https:\/\/partediario.com.ar\/index.php?rest_route=\/wp\/v2\/posts\/29372\/revisions"}],"predecessor-version":[{"id":29374,"href":"https:\/\/partediario.com.ar\/index.php?rest_route=\/wp\/v2\/posts\/29372\/revisions\/29374"}],"wp:featuredmedia":[{"embeddable":true,"href":"https:\/\/partediario.com.ar\/index.php?rest_route=\/wp\/v2\/media\/29373"}],"wp:attachment":[{"href":"https:\/\/partediario.com.ar\/index.php?rest_route=%2Fwp%2Fv2%2Fmedia&parent=29372"}],"wp:term":[{"taxonomy":"category","embeddable":true,"href":"https:\/\/partediario.com.ar\/index.php?rest_route=%2Fwp%2Fv2%2Fcategories&post=29372"},{"taxonomy":"post_tag","embeddable":true,"href":"https:\/\/partediario.com.ar\/index.php?rest_route=%2Fwp%2Fv2%2Ftags&post=29372"}],"curies":[{"name":"wp","href":"https:\/\/api.w.org\/{rel}","templated":true}]}}