{"id":29378,"date":"2025-11-01T09:02:28","date_gmt":"2025-11-01T12:02:28","guid":{"rendered":"https:\/\/partediario.com.ar\/?p=29378"},"modified":"2025-11-02T14:26:37","modified_gmt":"2025-11-02T17:26:37","slug":"sera-prioridad-profundizar-reformas-expreso-el-flamante-jefe-de-gabinete","status":"publish","type":"post","link":"https:\/\/partediario.com.ar\/?p=29378","title":{"rendered":"\u201cSer\u00e1 prioridad profundizar reformas\u201d, expres\u00f3 el flamante jefe de Gabinete"},"content":{"rendered":"\n<h2 class=\"wp-block-heading\">Manuel Adorni, anunci\u00f3 hoy que fue designado como nuevo jefe de Gabinete de Ministros, en reemplazo de Guillermo Francos, y agradeci\u00f3 al presidente Javier Milei por la confianza para encabezar \u201cuna nueva etapa\u201d del Gobierno nacional.<\/h2>\n\n\n\n<p>\u201cQuiero agradecer profundamente al presidente de la Naci\u00f3n, Javier Milei, por haberme elegido como su jefe de Gabinete de Ministros para esta nueva etapa, donde profundizar las reformas estructurales ser\u00e1 prioridad. Es un honor y una verdadera responsabilidad continuar con el enorme trabajo que llevaba adelante Guillermo Francos\u201d, manifest\u00f3 Adorni en un mensaje publicado en su cuenta de la red social X.<\/p>\n\n\n\n<p><\/p>\n\n\n\n<blockquote class=\"twitter-tweet\"><p lang=\"es\" dir=\"ltr\">Quiero agradecer profundamente al Presidente de la Naci\u00f3n Javier Milei por haberme elegido como su Jefe de Gabinete de Ministros para esta nueva etapa, donde profundizar las reformas estructurales ser\u00e1 prioridad. Es un honor y una verdadera responsabilidad continuar con el enorme\u2026<\/p>&mdash; Manuel Adorni (@madorni) <a href=\"https:\/\/twitter.com\/madorni\/status\/1984426352787738772?ref_src=twsrc%5Etfw\">November 1, 2025<\/a><\/blockquote> <script async src=\"https:\/\/platform.twitter.com\/widgets.js\" charset=\"utf-8\"><\/script>\n\n\n\n<p><\/p>\n\n\n\n<p>El funcionario subray\u00f3 adem\u00e1s el acompa\u00f1amiento del resto del gabinete y de la secretaria general de la Presidencia, Karina Milei. \u201cAgradezco a todo el Gabinete de Ministros con quienes seguiremos compartiendo el camino que nos llevar\u00e1 hacia una Argentina grande y pr\u00f3spera. Gracias tambi\u00e9n a la secretaria general de la Presidencia, Karina Milei, por la confianza y el apoyo permanente\u201d, se\u00f1al\u00f3.<\/p>\n\n\n\n<p>Adorni finaliz\u00f3 su mensaje con una invocaci\u00f3n religiosa: \u201cQue Dios bendiga a la Rep\u00fablica Argentina y que las fuerzas del cielo nos acompa\u00f1en\u201d.<\/p>\n","protected":false},"excerpt":{"rendered":"<p>Manuel Adorni, anunci&oacute; hoy que fue designado como nuevo jefe de Gabinete de Ministros, en reemplazo de Guillermo Francos, y agradeci&oacute; al presidente Javier Milei por la confianza para encabezar &ldquo;una nueva etapa&rdquo; del Gobierno nacional. &ldquo;Quiero agradecer profundamente al presidente de la Naci&oacute;n, Javier Milei, por haberme elegido como su jefe de Gabinete de [&hellip;]<\/p>\n","protected":false},"author":2,"featured_media":29379,"comment_status":"closed","ping_status":"closed","sticky":false,"template":"","format":"standard","meta":{"footnotes":""},"categories":[5,176],"tags":[232,7043,646],"class_list":["post-29378","post","type-post","status-publish","format-standard","has-post-thumbnail","hentry","category-nacionales","category-politica","tag-javier-milei","tag-jefe-gabinete","tag-manuel-adorni"],"_links":{"self":[{"href":"https:\/\/partediario.com.ar\/index.php?rest_route=\/wp\/v2\/posts\/29378","targetHints":{"allow":["GET"]}}],"collection":[{"href":"https:\/\/partediario.com.ar\/index.php?rest_route=\/wp\/v2\/posts"}],"about":[{"href":"https:\/\/partediario.com.ar\/index.php?rest_route=\/wp\/v2\/types\/post"}],"author":[{"embeddable":true,"href":"https:\/\/partediario.com.ar\/index.php?rest_route=\/wp\/v2\/users\/2"}],"replies":[{"embeddable":true,"href":"https:\/\/partediario.com.ar\/index.php?rest_route=%2Fwp%2Fv2%2Fcomments&post=29378"}],"version-history":[{"count":1,"href":"https:\/\/partediario.com.ar\/index.php?rest_route=\/wp\/v2\/posts\/29378\/revisions"}],"predecessor-version":[{"id":29380,"href":"https:\/\/partediario.com.ar\/index.php?rest_route=\/wp\/v2\/posts\/29378\/revisions\/29380"}],"wp:featuredmedia":[{"embeddable":true,"href":"https:\/\/partediario.com.ar\/index.php?rest_route=\/wp\/v2\/media\/29379"}],"wp:attachment":[{"href":"https:\/\/partediario.com.ar\/index.php?rest_route=%2Fwp%2Fv2%2Fmedia&parent=29378"}],"wp:term":[{"taxonomy":"category","embeddable":true,"href":"https:\/\/partediario.com.ar\/index.php?rest_route=%2Fwp%2Fv2%2Fcategories&post=29378"},{"taxonomy":"post_tag","embeddable":true,"href":"https:\/\/partediario.com.ar\/index.php?rest_route=%2Fwp%2Fv2%2Ftags&post=29378"}],"curies":[{"name":"wp","href":"https:\/\/api.w.org\/{rel}","templated":true}]}}