{"id":29381,"date":"2025-11-01T09:57:50","date_gmt":"2025-11-01T12:57:50","guid":{"rendered":"https:\/\/partediario.com.ar\/?p=29381"},"modified":"2025-11-02T14:26:21","modified_gmt":"2025-11-02T17:26:21","slug":"el-equilibrio-fiscal-es-el-eje-principal-del-presupuesto-de-pullaro","status":"publish","type":"post","link":"https:\/\/partediario.com.ar\/?p=29381","title":{"rendered":"El equilibrio fiscal es el eje principal del Presupuesto de Pullaro"},"content":{"rendered":"\n<h2 class=\"wp-block-heading\">Despu\u00e9s de la derrota legislativa, el Gobernador de Santa Fe, Maximiliano Pullaro, busca retomar la iniciativa pol\u00edtica con una receta adaptada a los nuevos tiempos: el equilibrio fiscal y el d\u00e9ficit cero. Esos son los ejes principales del Presupuesto 2026 de la provincia de Santa F\u00e9.<\/h2>\n\n\n\n<p>En cumplimiento con los plazos establecidos en la Constituci\u00f3n de Santa Fe, el Gobierno Provincial present\u00f3 este viernes el proyecto de Presupuesto para 2026, que ya fue remitido a la Legislatura santafesina. El documento prev\u00e9 un total de recursos por $ 14,13 billones y gastos estimados en $14,12 billones, lo que arroja un equilibrio t\u00e9cnico financiero de $ 6.911 millones. El ahorro proyectado asciende a $ 1,75 billones, que permitir\u00e1 financiar el 91,7 % de los gastos de capital.<\/p>\n\n\n\n<p>Del mismo modo que en 2025, los ejes de gesti\u00f3n se centran en seguridad, educaci\u00f3n, salud, infraestructura productiva y obra p\u00fablica, \u00e1reas que el gobernador Maximiliano Pullaro defini\u00f3 como prioritarias.<\/p>\n\n\n\n<p>\u201cEl gobernador nos pidi\u00f3 trabajar con el m\u00e9todo m\u00e1s efectivo para cumplir con los objetivos de administraci\u00f3n del Estado\u201d, se\u00f1al\u00f3 el ministro de Econom\u00eda, Pablo Olivares. Y agreg\u00f3 que: \u201cFormulamos el presupuesto con l\u00f3gica de austeridad y eficiencia, buscando maximizar las prestaciones y generar el mayor excedente posible para invertir a futuro\u201d.<\/p>\n\n\n\n<p>Olivares explic\u00f3 que las variables macroecon\u00f3micas del Ejecutivo Nacional proyectan un crecimiento del 5 %, una inflaci\u00f3n interanual promedio del 14 % y una variaci\u00f3n diciembre 2025-diciembre 2026 del 10,1 %, con un tipo de cambio de $ 1.423. \u201cDe todas las variables macroecon\u00f3micas, la que menos incide en los gastos y recursos provinciales es el tipo de cambio\u201d, indic\u00f3.<\/p>\n\n\n\n<p>El ministro de Econom\u00eda destac\u00f3 que los valores que inspiran la formulaci\u00f3n del presupuesto son \u201cel equilibrio, la eficiencia, la responsabilidad y la austeridad como filosof\u00eda de gesti\u00f3n, adem\u00e1s de la transparencia y la planificaci\u00f3n con mirada de futuro\u201d.<\/p>\n\n\n\n<p>Lo acompa\u00f1aron en la presentaci\u00f3n la secretaria de Hacienda, Bel\u00e9n Echevarr\u00eda; la secretaria de Recursos Humanos y Funci\u00f3n P\u00fablica, Malena Azario; el secretario de Finanzas, Pablo Gorban, y la subsecretaria de Hacienda, B\u00e1rbara Gschwind.<\/p>\n\n\n\n<p><strong>Prioridades del presupuesto<\/strong><\/p>\n\n\n\n<p>Uno de los ejes m\u00e1s destacados contin\u00faa siendo la seguridad. Para 2026 se proyecta una inversi\u00f3n de $ 1,66 billones, de los cuales $ 1,5 billones corresponden al Ministerio de Justicia y Seguridad y a la Unidad Ejecutora. Esto representa un incremento del 45 % sobre el ejercicio 2025.<\/p>\n\n\n\n<p>En salud, los recursos previstos ascienden a $ 1,54 billones. El Ministerio de Salud dispondr\u00e1 de $ 1,11 billones, mientras que $ 49.637 millones se destinar\u00e1n a la compra de medicamentos. Durante 2025, la compra centralizada permiti\u00f3 reducir en un 87 % el valor de los medicamentos respecto del precio de venta al p\u00fablico, lo que posibilit\u00f3 ampliar el volumen de adquisiciones.<\/p>\n\n\n\n<p>El Ministerio de Educaci\u00f3n contar\u00e1 con $ 2,57 billones, y se prev\u00e9n $ 220.010 millones para gasto de capital destinado a infraestructura educativa. Adem\u00e1s, se contemplan $ 81.975 millones para el Boleto Educativo Gratuito, $ 88.910 millones para comedores y copa de leche, y $ 46.715 millones para el programa 1.000 Aulas, el Fondo de Asistencia de Necesidades Inmediatas (FANI) y mejoras edilicias en todos los niveles.<\/p>\n\n\n\n<p>En infraestructura productiva, el presupuesto asigna $ 673.045 millones, con $ 296.639 millones destinados al Ministerio de Desarrollo Productivo.<\/p>\n\n\n\n<p>Para obras p\u00fablicas y transferencias de capital, se proyectan $ 1,8 billones. Adem\u00e1s de la continuidad de los proyectos en ejecuci\u00f3n, se incluyen inversiones para el recambio de redes de distribuci\u00f3n de Aguas Santafesinas ($ 83.962 millones), el Programa de Obras Urbanas ($ 55.009 millones) y los grandes acueductos ($ 36.555 millones).<\/p>\n\n\n\n<p>Con este esquema, el Gobierno Provincial busca consolidar una gesti\u00f3n basada en el equilibrio financiero, la eficiencia administrativa y la inversi\u00f3n sostenida en infraestructura y servicios esenciales. \u201cCada peso que se ahorra se transforma en m\u00e1s patrulleros, m\u00e1s aulas, m\u00e1s hospitales y m\u00e1s obras para el desarrollo de Santa Fe\u201d, finaliz\u00f3 Olivares.<\/p>\n","protected":false},"excerpt":{"rendered":"<p>Despu&eacute;s de la derrota legislativa, el Gobernador de Santa Fe, Maximiliano Pullaro, busca retomar la iniciativa pol&iacute;tica con una receta adaptada a los nuevos tiempos: el equilibrio fiscal y el d&eacute;ficit cero. Esos son los ejes principales del Presupuesto 2026 de la provincia de Santa F&eacute;. En cumplimiento con los plazos establecidos en la Constituci&oacute;n [&hellip;]<\/p>\n","protected":false},"author":2,"featured_media":29382,"comment_status":"closed","ping_status":"closed","sticky":false,"template":"","format":"standard","meta":{"footnotes":""},"categories":[176,8],"tags":[6949,3833,1100,1107,1455,264],"class_list":["post-29381","post","type-post","status-publish","format-standard","has-post-thumbnail","hentry","category-politica","category-provinciales","tag-6949","tag-equilibrio","tag-fiscal","tag-maximiliano-pullaro","tag-presupuesto","tag-santa-fe"],"_links":{"self":[{"href":"https:\/\/partediario.com.ar\/index.php?rest_route=\/wp\/v2\/posts\/29381","targetHints":{"allow":["GET"]}}],"collection":[{"href":"https:\/\/partediario.com.ar\/index.php?rest_route=\/wp\/v2\/posts"}],"about":[{"href":"https:\/\/partediario.com.ar\/index.php?rest_route=\/wp\/v2\/types\/post"}],"author":[{"embeddable":true,"href":"https:\/\/partediario.com.ar\/index.php?rest_route=\/wp\/v2\/users\/2"}],"replies":[{"embeddable":true,"href":"https:\/\/partediario.com.ar\/index.php?rest_route=%2Fwp%2Fv2%2Fcomments&post=29381"}],"version-history":[{"count":1,"href":"https:\/\/partediario.com.ar\/index.php?rest_route=\/wp\/v2\/posts\/29381\/revisions"}],"predecessor-version":[{"id":29383,"href":"https:\/\/partediario.com.ar\/index.php?rest_route=\/wp\/v2\/posts\/29381\/revisions\/29383"}],"wp:featuredmedia":[{"embeddable":true,"href":"https:\/\/partediario.com.ar\/index.php?rest_route=\/wp\/v2\/media\/29382"}],"wp:attachment":[{"href":"https:\/\/partediario.com.ar\/index.php?rest_route=%2Fwp%2Fv2%2Fmedia&parent=29381"}],"wp:term":[{"taxonomy":"category","embeddable":true,"href":"https:\/\/partediario.com.ar\/index.php?rest_route=%2Fwp%2Fv2%2Fcategories&post=29381"},{"taxonomy":"post_tag","embeddable":true,"href":"https:\/\/partediario.com.ar\/index.php?rest_route=%2Fwp%2Fv2%2Ftags&post=29381"}],"curies":[{"name":"wp","href":"https:\/\/api.w.org\/{rel}","templated":true}]}}