{"id":29397,"date":"2025-11-02T14:21:56","date_gmt":"2025-11-02T17:21:56","guid":{"rendered":"https:\/\/partediario.com.ar\/?p=29397"},"modified":"2025-11-03T11:11:18","modified_gmt":"2025-11-03T14:11:18","slug":"comienza-el-juicio-contra-cristina-kirchner-y-otros-funcionarios-por-presunta-corrupcion-en-la-causa-cuadernos","status":"publish","type":"post","link":"https:\/\/partediario.com.ar\/?p=29397","title":{"rendered":"Comienza el juicio contra Cristina Kirchner y otros funcionarios por presunta corrupci\u00f3n en la causa \u00abCuadernos\u00bb"},"content":{"rendered":"\n<h2 class=\"wp-block-heading\">El pr\u00f3ximo jueves se dar\u00e1 inicio al debate judicial que investigar\u00e1 a la expresidenta Cristina Kirchner y a otros 86 imputados en la causa que se conoce popularmente como Cuadernos, que indaga una presunta asociaci\u00f3n il\u00edcita en la adjudicaci\u00f3n de obra p\u00fablica entre 2003 y 2015, conocido como \u201cla Camarita\u201d.<\/h2>\n\n\n\n<p>Desde las 9.30, el Tribunal Oral en lo Criminal Federal (TOF) N\u00b07 de la Capital Federal juzgar\u00e1 la participaci\u00f3n de la exmandataria, los 19 exfuncionarios, dos de sus choferes y 65 empresarios acusados de conformar una asociaci\u00f3n il\u00edcita que habr\u00eda recaudado dinero de distintas empresas de los sectores de la construcci\u00f3n, energ\u00eda y transporte a cambio de la adjudicaci\u00f3n de contratos estatales.<\/p>\n\n\n\n<p>El tribunal fij\u00f3 audiencias que se llevar\u00e1n a cabo todos jueves de 9.30 a 13.30, de forma virtual a trav\u00e9s de la plataforma Zoom, y algunas ser\u00e1n transmitidas por YouTube desde la cuenta del Poder Judicial de la Naci\u00f3n.<\/p>\n\n\n\n<p>A ra\u00edz de la petici\u00f3n del fiscal federal Carlos Stornelli de elevar a juicio la investigaci\u00f3n, la justicia busca clarificar los existentes cobros a empresarios que el chofer Oscar Centeno registr\u00f3, las maniobras il\u00edcitas en la adjudicaci\u00f3n de contratos de transporte ferroviario y corredores viales, y la eventual cartelizaci\u00f3n de la obra p\u00fablica.<\/p>\n\n\n\n<p>Adem\u00e1s, solicit\u00f3 que la expresidenta Cristina Fern\u00e1ndez (72) fuera a juicio en calidad de jefa de la potencial asociaci\u00f3n il\u00edcita que tuvo lugar en el Poder Ejecutivo Nacional, entre 2003 y 2015, y la acusa de ser la coautora del delito de cohecho pasivo.<\/p>\n\n\n\n<p>Se investigar\u00e1 tambi\u00e9n la responsabilidad de algunos de funcionarios involucrados en coordinaci\u00f3n con el exjefe de Gabinete de Ministros de la Naci\u00f3n, Juan Manuel Abal Medina, entre otros.<\/p>\n\n\n\n<p>El pasado martes, la Corte Suprema de Justicia de la Naci\u00f3n dio luz verde al avance de la causa tras rechazar m\u00e1s de veinte recursos interpuestos por la ex presidenta, el ex ministro Julio De Vido y diversos empresarios, que rechazaban la validez de las actuaciones en el expediente que investiga \u201cla Camarita\u201d.<\/p>\n\n\n\n<p>Por su parte, la fiscal general Fabiana Le\u00f3n, quien realizar\u00e1 la acusaci\u00f3n en el caso Cuadernos, advirti\u00f3 que se trata de la investigaci\u00f3n \u00abde hechos de corrupci\u00f3n m\u00e1s extensa que se ha realizado en la historia judicial argentina\u00bb.<\/p>\n\n\n\n<p>\u00abConsideramos que esta causa (en realidad un conjunto de causas) demanda una especial necesidad de explicaciones porque, a nuestro entender, es la investigaci\u00f3n de hechos de corrupci\u00f3n m\u00e1s extensa que se ha realizado en la historia judicial argentina y solo comparable a unas pocas a nivel mundial\u00bb, concluy\u00f3.<\/p>\n","protected":false},"excerpt":{"rendered":"<p>El pr&oacute;ximo jueves se dar&aacute; inicio al debate judicial que investigar&aacute; a la expresidenta Cristina Kirchner y a otros 86 imputados en la causa que se conoce popularmente como Cuadernos, que indaga una presunta asociaci&oacute;n il&iacute;cita en la adjudicaci&oacute;n de obra p&uacute;blica entre 2003 y 2015, conocido como &ldquo;la Camarita&rdquo;. Desde las 9.30, el Tribunal [&hellip;]<\/p>\n","protected":false},"author":2,"featured_media":29398,"comment_status":"closed","ping_status":"closed","sticky":false,"template":"","format":"standard","meta":{"footnotes":""},"categories":[979,5,176],"tags":[7051,4359,518,6166,7052],"class_list":["post-29397","post","type-post","status-publish","format-standard","has-post-thumbnail","hentry","category-judiciales","category-nacionales","category-politica","tag-caarlos-stornelli","tag-causa","tag-cristina-kirchner","tag-cuadernos","tag-oscar-centeno"],"_links":{"self":[{"href":"https:\/\/partediario.com.ar\/index.php?rest_route=\/wp\/v2\/posts\/29397","targetHints":{"allow":["GET"]}}],"collection":[{"href":"https:\/\/partediario.com.ar\/index.php?rest_route=\/wp\/v2\/posts"}],"about":[{"href":"https:\/\/partediario.com.ar\/index.php?rest_route=\/wp\/v2\/types\/post"}],"author":[{"embeddable":true,"href":"https:\/\/partediario.com.ar\/index.php?rest_route=\/wp\/v2\/users\/2"}],"replies":[{"embeddable":true,"href":"https:\/\/partediario.com.ar\/index.php?rest_route=%2Fwp%2Fv2%2Fcomments&post=29397"}],"version-history":[{"count":1,"href":"https:\/\/partediario.com.ar\/index.php?rest_route=\/wp\/v2\/posts\/29397\/revisions"}],"predecessor-version":[{"id":29399,"href":"https:\/\/partediario.com.ar\/index.php?rest_route=\/wp\/v2\/posts\/29397\/revisions\/29399"}],"wp:featuredmedia":[{"embeddable":true,"href":"https:\/\/partediario.com.ar\/index.php?rest_route=\/wp\/v2\/media\/29398"}],"wp:attachment":[{"href":"https:\/\/partediario.com.ar\/index.php?rest_route=%2Fwp%2Fv2%2Fmedia&parent=29397"}],"wp:term":[{"taxonomy":"category","embeddable":true,"href":"https:\/\/partediario.com.ar\/index.php?rest_route=%2Fwp%2Fv2%2Fcategories&post=29397"},{"taxonomy":"post_tag","embeddable":true,"href":"https:\/\/partediario.com.ar\/index.php?rest_route=%2Fwp%2Fv2%2Ftags&post=29397"}],"curies":[{"name":"wp","href":"https:\/\/api.w.org\/{rel}","templated":true}]}}