{"id":29424,"date":"2025-11-03T11:15:41","date_gmt":"2025-11-03T14:15:41","guid":{"rendered":"https:\/\/partediario.com.ar\/?p=29424"},"modified":"2025-11-05T11:56:16","modified_gmt":"2025-11-05T14:56:16","slug":"buenos-aires-recibe-al-alcalde-de-madrid-y-de-22-capitales-iberoamericanas-para-definir-la-agenda-urbana-del-futuro","status":"publish","type":"post","link":"https:\/\/partediario.com.ar\/?p=29424","title":{"rendered":"Buenos Aires recibe al Alcalde de Madrid y de 22 capitales iberoamericanas para definir la agenda urbana del futuro"},"content":{"rendered":"\n<h2 class=\"wp-block-heading\">La Ciudad ser\u00e1 escenario del encuentro regional con la visita del Alcalde de Madrid, Jos\u00e9 Luis Mart\u00ednez-Almeida, y la participaci\u00f3n de 22 capitales en la XXI Asamblea General y el Foro de la Uni\u00f3n de Ciudades Capitales Iberoamericanas. Se discutir\u00e1n prioridades en innovaci\u00f3n, seguridad, movilidad y cooperaci\u00f3n entre ciudades, entre otros temas.<\/h2>\n\n\n\n<p>Desde el lunes 3 y hasta el jueves 6 de noviembre, el alcalde de Madrid y co-presidente de la Uni\u00f3n de Ciudades Capitales Iberoamericanas, Jos\u00e9 Luis Mart\u00ednez-Almeida, participar\u00e1 junto a las autoridades de Buenos Aires en encuentros institucionales, recorridos por proyectos urbanos y una conferencia conjunta, para reforzar el v\u00ednculo estrat\u00e9gico, cultural y econ\u00f3mico entre ambas ciudades. Su visita destaca c\u00f3mo la cooperaci\u00f3n fortalece la proyecci\u00f3n internacional y el potencial de ambas capitales como referentes regionales en inversi\u00f3n, talento y desarrollo urbano.<\/p>\n\n\n\n<p>Esta agenda conjunta subraya el liderazgo de Buenos Aires y Madrid como ciudades pioneras en la construcci\u00f3n del futuro urbano y en la promoci\u00f3n de modelos de gesti\u00f3n innovadores y sostenibles.<\/p>\n\n\n\n<p>\u201cEste encuentro reafirma algo que todos sabemos: Iberoam\u00e9rica es mucho m\u00e1s que una geograf\u00eda o una herencia hist\u00f3rica. Es una identidad compartida, una red de ciudades que, desde Buenos Aires hasta Madrid y pasando por las 22 capitales que nos acompa\u00f1an, trabajan juntas con una misma vocaci\u00f3n: construir comunidades m\u00e1s justas, sostenibles y seguras para sus ciudadanos\u201d, sostuvo el Jefe de Gobierno de la Ciudad de Buenos Aires, Jorge Macri.<\/p>\n\n\n\n<p>En ese marco, tambi\u00e9n se celebrar\u00e1 el Encuentro Empresarial BA-Madrid. \u201cEcosistemas en di\u00e1logo: innovaci\u00f3n, inversi\u00f3n y futuro\u201d, un espacio de alto nivel que reunir\u00e1 a l\u00edderes del sector privado para compartir visiones estrat\u00e9gicas sobre los desaf\u00edos y oportunidades econ\u00f3micas entre ambas ciudades, con foco en innovaci\u00f3n, sostenibilidad y tecnolog\u00eda. Este encuentro busca potenciar los lazos econ\u00f3micos y promover nuevas oportunidades de cooperaci\u00f3n p\u00fablico-privada orientadas al crecimiento y la competitividad regional.<\/p>\n\n\n\n<p>Los d\u00edas 5 y 6 de noviembre, Buenos Aires ser\u00e1 sede de la XXI Asamblea General de la Uni\u00f3n de Ciudades Capitales Iberoamericanas (UCCI) y del Foro \u201cCiudades Iberoamericanas: di\u00e1logo, integraci\u00f3n y acci\u00f3n por un futuro com\u00fan\u201d, liderados tambi\u00e9n por la Secretaria General de la UCCI, Almudena Ma\u00edllo.<\/p>\n\n\n\n<p>La Asamblea General, m\u00e1ximo \u00f3rgano de gobierno de la red, reunir\u00e1 a los alcaldes y representantes de las capitales iberoamericanas para aprobar la nueva agenda estrat\u00e9gica de la organizaci\u00f3n, renovar su estructura de conducci\u00f3n y definir las prioridades pol\u00edticas y de cooperaci\u00f3n que guiar\u00e1n la acci\u00f3n de la UCCI en los pr\u00f3ximos a\u00f1os.<\/p>\n\n\n\n<p>En paralelo, el Foro de Ciudades Iberoamericanas funcionar\u00e1 como un espacio de intercambio t\u00e9cnico y di\u00e1logo entre gobiernos locales, con paneles tem\u00e1ticos sobre innovaci\u00f3n y econom\u00eda urbana, movilidad y transporte, seguridad y prevenci\u00f3n comunitaria, desarrollo cultural y tur\u00edstico, inclusi\u00f3n social, gobernanza local y sostenibilidad ambiental.<\/p>\n\n\n\n<p>Participar\u00e1n alcaldes, expertos internacionales, representantes de organismos multilaterales y acad\u00e9micos, con foco en el rol central de las ciudades como motores del desarrollo sostenible y la integraci\u00f3n regional.<\/p>\n\n\n\n<p>La agenda fortalecer\u00e1 la cooperaci\u00f3n internacional y el intercambio de experiencias, consolida redes estrat\u00e9gicas entre ciudades y reafirma el liderazgo de Buenos Aires como epicentro regional de innovaci\u00f3n, planificaci\u00f3n urbana y desarrollo sostenible, con una proyecci\u00f3n global basada en la apertura, la inversi\u00f3n y un modelo urbano inclusivo, creativo y orientado al futuro.<\/p>\n","protected":false},"excerpt":{"rendered":"<p>La Ciudad ser&aacute; escenario del encuentro regional con la visita del Alcalde de Madrid, Jos&eacute; Luis Mart&iacute;nez-Almeida, y la participaci&oacute;n de 22 capitales en la XXI Asamblea General y el Foro de la Uni&oacute;n de Ciudades Capitales Iberoamericanas. Se discutir&aacute;n prioridades en innovaci&oacute;n, seguridad, movilidad y cooperaci&oacute;n entre ciudades, entre otros temas. Desde el lunes [&hellip;]<\/p>\n","protected":false},"author":2,"featured_media":29425,"comment_status":"closed","ping_status":"closed","sticky":false,"template":"","format":"standard","meta":{"footnotes":""},"categories":[6,176],"tags":[7062,721,1114,7063,754],"class_list":["post-29424","post","type-post","status-publish","format-standard","has-post-thumbnail","hentry","category-locales","category-politica","tag-alcalde","tag-buenos-aires","tag-jorge-macri","tag-jose-luis-martinez-almeida","tag-madrid"],"_links":{"self":[{"href":"https:\/\/partediario.com.ar\/index.php?rest_route=\/wp\/v2\/posts\/29424","targetHints":{"allow":["GET"]}}],"collection":[{"href":"https:\/\/partediario.com.ar\/index.php?rest_route=\/wp\/v2\/posts"}],"about":[{"href":"https:\/\/partediario.com.ar\/index.php?rest_route=\/wp\/v2\/types\/post"}],"author":[{"embeddable":true,"href":"https:\/\/partediario.com.ar\/index.php?rest_route=\/wp\/v2\/users\/2"}],"replies":[{"embeddable":true,"href":"https:\/\/partediario.com.ar\/index.php?rest_route=%2Fwp%2Fv2%2Fcomments&post=29424"}],"version-history":[{"count":1,"href":"https:\/\/partediario.com.ar\/index.php?rest_route=\/wp\/v2\/posts\/29424\/revisions"}],"predecessor-version":[{"id":29426,"href":"https:\/\/partediario.com.ar\/index.php?rest_route=\/wp\/v2\/posts\/29424\/revisions\/29426"}],"wp:featuredmedia":[{"embeddable":true,"href":"https:\/\/partediario.com.ar\/index.php?rest_route=\/wp\/v2\/media\/29425"}],"wp:attachment":[{"href":"https:\/\/partediario.com.ar\/index.php?rest_route=%2Fwp%2Fv2%2Fmedia&parent=29424"}],"wp:term":[{"taxonomy":"category","embeddable":true,"href":"https:\/\/partediario.com.ar\/index.php?rest_route=%2Fwp%2Fv2%2Fcategories&post=29424"},{"taxonomy":"post_tag","embeddable":true,"href":"https:\/\/partediario.com.ar\/index.php?rest_route=%2Fwp%2Fv2%2Ftags&post=29424"}],"curies":[{"name":"wp","href":"https:\/\/api.w.org\/{rel}","templated":true}]}}