{"id":29434,"date":"2025-11-04T12:28:40","date_gmt":"2025-11-04T15:28:40","guid":{"rendered":"https:\/\/partediario.com.ar\/?p=29434"},"modified":"2025-11-05T11:56:04","modified_gmt":"2025-11-05T14:56:04","slug":"no-nos-podemos-oponer-a-que-se-actualicen-las-leyes-laborales-senalo-jaldo","status":"publish","type":"post","link":"https:\/\/partediario.com.ar\/?p=29434","title":{"rendered":"\u00abNo nos podemos oponer a que se actualicen las leyes laborales\u00bb, se\u00f1al\u00f3 Jaldo"},"content":{"rendered":"\n<h2 class=\"wp-block-heading\">El gobernador de Tucum\u00e1n, Osvaldo Jaldo, confirm\u00f3 el apoyo de la iniciativa presentada por el Gobierno Nacional sobre la reforma laboral: \u00abNo nos podemos oponer a que se actualicen las leyes laborales\u00bb, afirm\u00f3.<\/h2>\n\n\n\n<p>En la conferencia de prensa, que se realiz\u00f3 hoy por la ma\u00f1ana y en la que estuvo acompa\u00f1ado por el vice gobernador Miguel Acevedo, intendentes y algunos ministros, destac\u00f3 que la evoluci\u00f3n tecnol\u00f3gica, aplicada al trabajo, son \u00edtems que no est\u00e1n tenidos en cuenta y que carecen de marco legal.<\/p>\n\n\n\n<p>Y agreg\u00f3 que: \u201cNo nos podemos oponer a que se actualicen las leyes laborales. Hoy tenemos la tecnolog\u00eda, la inform\u00e1tica, la inteligencia artificial, la rob\u00f3tica que no est\u00e1 contemplada en la ley laboral. Pero las modificaciones no van hacia atr\u00e1s, porque ninguna ley es retroactiva\u00bb.<\/p>\n\n\n\n<p>Por otro lado, dej\u00f3 en claro que est\u00e1 de acuerdo con la modificaci\u00f3n de los art\u00edculos del C\u00f3digo Penal que posibilitar\u00edan bajar la edad de imputabilidad a 13 a\u00f1os, tal como plantea tambi\u00e9n la gesti\u00f3n del presidente Javier Milei.<\/p>\n\n\n\n<p>Simult\u00e1neamente, y luego de la conferencia de prensa, los periodistas locales le consultaron por el conflicto que atraviesa la capital de la provincia en el transporte p\u00fablico, donde empresarios de l\u00edneas colectivos y trabajadores no logran ponerse de acuerdo con los salarios y, en consecuencia, se redujo la frecuencia de los mismos.<\/p>\n\n\n\n<p>Al respecto, Jaldo indic\u00f3 que tanto la gobernaci\u00f3n como las autoridades del municipio de San Miguel de Tucum\u00e1n se encuentran trabajando \u201cpara garantizar el servicio y cuidar las fuentes laborales\u201d, no obstante, y en oposici\u00f3n al discurso de apoyo a Milei, responsabiliz\u00f3 de esa situaci\u00f3n al Gobierno Nacional \u201cpor la falta de recursos\u201d.<\/p>\n\n\n\n<p>\u201cTenemos que hacer un gran esfuerzo para que se siga prestando el servicio de transporte p\u00fablico de pasajeros. Cuando se corta el di\u00e1logo y se cierran las puertas, los conflictos pasan a la calle y terminan perjudicando a terceros, a familias que van a trabajar y que ya tienen dificultades econ\u00f3micas. Estos dos a\u00f1os no pasaron en vano. Hay colectivos nuevos, sistema de cobro con tecnolog\u00eda actualizada y calles pavimentadas por donde circulan los colectivos\u00bb, se\u00f1al\u00f3. \u00abTanto la provincia como el municipio hicieron un gran esfuerzo econ\u00f3mico. Por su parte, la Naci\u00f3n se desentendi\u00f3 del transporte p\u00fablico y si no fuera por el aporte provincial, Tucum\u00e1n ya no tendr\u00eda transporte p\u00fablico\u00bb, finaliz\u00f3.<\/p>\n","protected":false},"excerpt":{"rendered":"<p>El gobernador de Tucum&aacute;n, Osvaldo Jaldo, confirm&oacute; el apoyo de la iniciativa presentada por el Gobierno Nacional sobre la reforma laboral: &laquo;No nos podemos oponer a que se actualicen las leyes laborales&raquo;, afirm&oacute;. En la conferencia de prensa, que se realiz&oacute; hoy por la ma&ntilde;ana y en la que estuvo acompa&ntilde;ado por el vice gobernador [&hellip;]<\/p>\n","protected":false},"author":2,"featured_media":29435,"comment_status":"closed","ping_status":"closed","sticky":false,"template":"","format":"standard","meta":{"footnotes":""},"categories":[5,176],"tags":[232,3141,3795,5240],"class_list":["post-29434","post","type-post","status-publish","format-standard","has-post-thumbnail","hentry","category-nacionales","category-politica","tag-javier-milei","tag-laborales","tag-leyes","tag-osvaldo-jaldo"],"_links":{"self":[{"href":"https:\/\/partediario.com.ar\/index.php?rest_route=\/wp\/v2\/posts\/29434","targetHints":{"allow":["GET"]}}],"collection":[{"href":"https:\/\/partediario.com.ar\/index.php?rest_route=\/wp\/v2\/posts"}],"about":[{"href":"https:\/\/partediario.com.ar\/index.php?rest_route=\/wp\/v2\/types\/post"}],"author":[{"embeddable":true,"href":"https:\/\/partediario.com.ar\/index.php?rest_route=\/wp\/v2\/users\/2"}],"replies":[{"embeddable":true,"href":"https:\/\/partediario.com.ar\/index.php?rest_route=%2Fwp%2Fv2%2Fcomments&post=29434"}],"version-history":[{"count":1,"href":"https:\/\/partediario.com.ar\/index.php?rest_route=\/wp\/v2\/posts\/29434\/revisions"}],"predecessor-version":[{"id":29436,"href":"https:\/\/partediario.com.ar\/index.php?rest_route=\/wp\/v2\/posts\/29434\/revisions\/29436"}],"wp:featuredmedia":[{"embeddable":true,"href":"https:\/\/partediario.com.ar\/index.php?rest_route=\/wp\/v2\/media\/29435"}],"wp:attachment":[{"href":"https:\/\/partediario.com.ar\/index.php?rest_route=%2Fwp%2Fv2%2Fmedia&parent=29434"}],"wp:term":[{"taxonomy":"category","embeddable":true,"href":"https:\/\/partediario.com.ar\/index.php?rest_route=%2Fwp%2Fv2%2Fcategories&post=29434"},{"taxonomy":"post_tag","embeddable":true,"href":"https:\/\/partediario.com.ar\/index.php?rest_route=%2Fwp%2Fv2%2Ftags&post=29434"}],"curies":[{"name":"wp","href":"https:\/\/api.w.org\/{rel}","templated":true}]}}