{"id":29437,"date":"2025-11-04T12:31:56","date_gmt":"2025-11-04T15:31:56","guid":{"rendered":"https:\/\/partediario.com.ar\/?p=29437"},"modified":"2025-11-05T11:56:00","modified_gmt":"2025-11-05T14:56:00","slug":"jujuy-sadir-encabezo-el-festejo-por-el-40-aniversario-de-rodeito-y-anuncio-obras-viales-para-la-region","status":"publish","type":"post","link":"https:\/\/partediario.com.ar\/?p=29437","title":{"rendered":"Jujuy: Sadir encabez\u00f3 el festejo por el 40\u00b0 aniversario de Rodeito y anunci\u00f3 obras viales para la regi\u00f3n"},"content":{"rendered":"\n<h2 class=\"wp-block-heading\">El gobernador de la Provincia, Carlos Sadir, encabez\u00f3 el acto por el 40\u00b0 aniversario de la fundaci\u00f3n del pueblo de Rodeito, ocasi\u00f3n en la que comparti\u00f3 junto a la comunidad una jornada de celebraci\u00f3n y anuncios importantes para la regi\u00f3n.<\/h2>\n\n\n\n<p>El mandatario expres\u00f3 su alegr\u00eda por participar de la conmemoraci\u00f3n y destac\u00f3 que \u201cestoy feliz de estar ac\u00e1, de llegar a esta Comisi\u00f3n Municipal para celebrar estos j\u00f3venes 40 a\u00f1os. Muy contento, adem\u00e1s, por estar en esta plaza que lleva el nombre del doctor Pr\u00f3spero Nieva. Nos acompa\u00f1a su hijo Alejandro, con quien tuve el gusto de compartir tantos momentos. Recordamos al doctor Nieva como un gran pol\u00edtico y militante de la Uni\u00f3n C\u00edvica Radical que acompa\u00f1\u00f3 en su momento a tanta gente del pueblo. Incluso vino el vicepresidente de la Naci\u00f3n en ese entonces para la fundaci\u00f3n del pueblo\u201d, manifest\u00f3.<\/p>\n\n\n\n<p>Sadir felicit\u00f3 adem\u00e1s la gesti\u00f3n del comisionado municipal Eduardo Orellana, remarcando el trabajo conjunto entre la Comisi\u00f3n Municipal y el Gobierno de la Provincia.<\/p>\n\n\n\n<p>\u201cComo \u00e9l lo plante\u00f3, no solo venimos trabajando desde las instituciones y ministerios del Gobierno Provincial con la Comisi\u00f3n, sino que lo vamos a seguir haciendo\u201d, asegur\u00f3.<\/p>\n\n\n\n<p>En la oportunidad, visit\u00f3 el Centro de D\u00eda para Adultos Mayores, al que calific\u00f3 como un espacio fundamental para la contenci\u00f3n y acompa\u00f1amiento de los vecinos mayores. Asimismo, subray\u00f3 que la gesti\u00f3n provincial sostiene su compromiso con los pilares de salud p\u00fablica, seguridad p\u00fablica y educaci\u00f3n p\u00fablica, garantizando el acceso equitativo a estos derechos en cada rinc\u00f3n de Jujuy.<\/p>\n\n\n\n<p>El mandatario tambi\u00e9n destac\u00f3 la realizaci\u00f3n de un mural alusivo a la identidad local, enmarcado en el corredor de murales impulsado por la Secretar\u00eda de Cultura. \u201cFelicito a los autores del hermoso mural y agradezco esta iniciativa del Secretario de Cultura. Celebro que sumemos una nueva obra al corredor de murales\u201d, se\u00f1al\u00f3. Durante el acto, Sadir realiz\u00f3 un anuncio significativo para la regi\u00f3n: la reparaci\u00f3n total de la Ruta Provincial N\u00b0 1, obra que se encuentra incluida en el presupuesto provincial del pr\u00f3ximo a\u00f1o. \u201cEs la cuarta o quinta vez que recorro la Ruta 1, no solo hacia Rodeito, sino tambi\u00e9n hacia Piquete, Santa Clara y Palma Sola.<\/p>\n\n\n\n<p>Puedo confirmar que la reparaci\u00f3n total de la Ruta 1 est\u00e1 incluida en el presupuesto provincial del a\u00f1o que viene. En una primera etapa, vamos a llegar hasta El Piquete, unos 30 o 33 kil\u00f3metros, y esperamos comenzar los trabajos en febrero o marzo, si el clima lo permite\u201d, detall\u00f3. Asimismo, resalt\u00f3 la importancia estrat\u00e9gica de esta obra vial, al tratarse de una zona productiva y parte del corredor bioce\u00e1nico que une Brasil con Chile, se\u00f1alando que \u201cmejorar\u00e1 la circulaci\u00f3n, la seguridad y el desarrollo econ\u00f3mico de toda la regi\u00f3n\u201d.<\/p>\n\n\n\n<p>Finalmente, Sadir reafirm\u00f3 su compromiso con la comunidad y agreg\u00f3 que \u201cvamos a seguir trabajando fuerte, desde el Gobierno Provincial, con la Comisi\u00f3n Municipal y con cada vecino, porque queremos mejorar la calidad de vida de todos los juje\u00f1os. A pesar del contexto dif\u00edcil que atraviesa el pa\u00eds, redoblamos esfuerzos para seguir haciendo\u201d, concluy\u00f3. Por su parte, el comisionado municipal Eduardo Orellana agreg\u00f3 que \u201cse cumplen 40 a\u00f1os de la fundaci\u00f3n del pueblo de Rodeo y la verdad que estamos muy contentos y emocionados\u201d. \u201cEstas fechas nos remueven sentimientos, recuerdos y tambi\u00e9n nos hacen tomar conciencia del paso del tiempo y del crecimiento de toda la zona\u201d, expres\u00f3. Estuvieron presentes el ministro de Gobierno, Justicia, Derechos Humanos y Trabajo, Normando \u00c1lvarez Garc\u00eda, la ministra de Desarrollo Humano Marta Russo, el Secretario de Cultura Jos\u00e9 Rodr\u00edguez B\u00e1rcena y el Auditor de la Naci\u00f3n Alejandro Nieva.<\/p>\n","protected":false},"excerpt":{"rendered":"<p>El gobernador de la Provincia, Carlos Sadir, encabez&oacute; el acto por el 40&deg; aniversario de la fundaci&oacute;n del pueblo de Rodeito, ocasi&oacute;n en la que comparti&oacute; junto a la comunidad una jornada de celebraci&oacute;n y anuncios importantes para la regi&oacute;n. El mandatario expres&oacute; su alegr&iacute;a por participar de la conmemoraci&oacute;n y destac&oacute; que &ldquo;estoy feliz [&hellip;]<\/p>\n","protected":false},"author":2,"featured_media":29438,"comment_status":"closed","ping_status":"closed","sticky":false,"template":"","format":"standard","meta":{"footnotes":""},"categories":[8,726],"tags":[2530,753,7066],"class_list":["post-29437","post","type-post","status-publish","format-standard","has-post-thumbnail","hentry","category-provinciales","category-sociedad","tag-carlos-sadir","tag-jujuy","tag-rodeito"],"_links":{"self":[{"href":"https:\/\/partediario.com.ar\/index.php?rest_route=\/wp\/v2\/posts\/29437","targetHints":{"allow":["GET"]}}],"collection":[{"href":"https:\/\/partediario.com.ar\/index.php?rest_route=\/wp\/v2\/posts"}],"about":[{"href":"https:\/\/partediario.com.ar\/index.php?rest_route=\/wp\/v2\/types\/post"}],"author":[{"embeddable":true,"href":"https:\/\/partediario.com.ar\/index.php?rest_route=\/wp\/v2\/users\/2"}],"replies":[{"embeddable":true,"href":"https:\/\/partediario.com.ar\/index.php?rest_route=%2Fwp%2Fv2%2Fcomments&post=29437"}],"version-history":[{"count":1,"href":"https:\/\/partediario.com.ar\/index.php?rest_route=\/wp\/v2\/posts\/29437\/revisions"}],"predecessor-version":[{"id":29439,"href":"https:\/\/partediario.com.ar\/index.php?rest_route=\/wp\/v2\/posts\/29437\/revisions\/29439"}],"wp:featuredmedia":[{"embeddable":true,"href":"https:\/\/partediario.com.ar\/index.php?rest_route=\/wp\/v2\/media\/29438"}],"wp:attachment":[{"href":"https:\/\/partediario.com.ar\/index.php?rest_route=%2Fwp%2Fv2%2Fmedia&parent=29437"}],"wp:term":[{"taxonomy":"category","embeddable":true,"href":"https:\/\/partediario.com.ar\/index.php?rest_route=%2Fwp%2Fv2%2Fcategories&post=29437"},{"taxonomy":"post_tag","embeddable":true,"href":"https:\/\/partediario.com.ar\/index.php?rest_route=%2Fwp%2Fv2%2Ftags&post=29437"}],"curies":[{"name":"wp","href":"https:\/\/api.w.org\/{rel}","templated":true}]}}