{"id":29440,"date":"2025-11-04T12:40:25","date_gmt":"2025-11-04T15:40:25","guid":{"rendered":"https:\/\/partediario.com.ar\/?p=29440"},"modified":"2025-11-06T09:00:32","modified_gmt":"2025-11-06T12:00:32","slug":"a-traves-de-un-documental-maimara-rendira-homenaje-al-maestro-rural","status":"publish","type":"post","link":"https:\/\/partediario.com.ar\/?p=29440","title":{"rendered":"A trav\u00e9s de un documental Maimar\u00e1 rendir\u00e1 homenaje al maestro rural"},"content":{"rendered":"\n<h2 class=\"wp-block-heading\">Pintar\u00e1n un mural comunitario en homenaje al maestro rural y el proceso quedar\u00e1 plasmado en un documental.<\/h2>\n\n\n\n<p>En la localidad de Maimar\u00e1 se realizar\u00e1 un mural art\u00edstico que rendir\u00e1 homenaje al maestro rural y a la ense\u00f1anza p\u00fablica en todas sus dimensiones. La obra se llevar\u00e1 a cabo en una plaza recientemente puesta en valor por el municipio, ubicada en cercan\u00edas del Monolito, espacio dedicado especialmente a la figura del maestro rural.<\/p>\n\n\n\n<p>Esta iniciativa tiene como meta reflejar la esencia, los colores y la identidad de Maimar\u00e1, en un contexto especial para la localidad, recientemente reconocida como \u201cel pueblo m\u00e1s lindo del mundo\u201d.<\/p>\n\n\n\n<p>El documental ser\u00e1 dirigido por Carolina Mir, quien result\u00f3 ganadora de un concurso nacional para documentar un proceso art\u00edstico, seleccionando esta obra mural como proyecto central. Cabe se\u00f1alar que la producci\u00f3n cuenta con el apoyo del Fondo Nacional de las Artes.<\/p>\n\n\n\n<p>La Direcci\u00f3n de Gesti\u00f3n de la Gobernaci\u00f3n tambi\u00e9n acompa\u00f1ar\u00e1 la propuesta.<\/p>\n\n\n\n<p>Es importante destacar que la iniciativa contempla la participaci\u00f3n activa de instituciones educativas y de la comunidad local, promoviendo un trabajo colectivo, abierto y comunitario, del cual formar\u00e1n parte estudiantes, vecinos y artistas.<\/p>\n","protected":false},"excerpt":{"rendered":"<p>Pintar&aacute;n un mural comunitario en homenaje al maestro rural y el proceso quedar&aacute; plasmado en un documental. En la localidad de Maimar&aacute; se realizar&aacute; un mural art&iacute;stico que rendir&aacute; homenaje al maestro rural y a la ense&ntilde;anza p&uacute;blica en todas sus dimensiones. La obra se llevar&aacute; a cabo en una plaza recientemente puesta en valor [&hellip;]<\/p>\n","protected":false},"author":2,"featured_media":29441,"comment_status":"closed","ping_status":"closed","sticky":false,"template":"","format":"standard","meta":{"footnotes":""},"categories":[8,726],"tags":[870,1304,4060,1942],"class_list":["post-29440","post","type-post","status-publish","format-standard","has-post-thumbnail","hentry","category-provinciales","category-sociedad","tag-documental","tag-maestro","tag-maimara","tag-rural"],"_links":{"self":[{"href":"https:\/\/partediario.com.ar\/index.php?rest_route=\/wp\/v2\/posts\/29440","targetHints":{"allow":["GET"]}}],"collection":[{"href":"https:\/\/partediario.com.ar\/index.php?rest_route=\/wp\/v2\/posts"}],"about":[{"href":"https:\/\/partediario.com.ar\/index.php?rest_route=\/wp\/v2\/types\/post"}],"author":[{"embeddable":true,"href":"https:\/\/partediario.com.ar\/index.php?rest_route=\/wp\/v2\/users\/2"}],"replies":[{"embeddable":true,"href":"https:\/\/partediario.com.ar\/index.php?rest_route=%2Fwp%2Fv2%2Fcomments&post=29440"}],"version-history":[{"count":1,"href":"https:\/\/partediario.com.ar\/index.php?rest_route=\/wp\/v2\/posts\/29440\/revisions"}],"predecessor-version":[{"id":29442,"href":"https:\/\/partediario.com.ar\/index.php?rest_route=\/wp\/v2\/posts\/29440\/revisions\/29442"}],"wp:featuredmedia":[{"embeddable":true,"href":"https:\/\/partediario.com.ar\/index.php?rest_route=\/wp\/v2\/media\/29441"}],"wp:attachment":[{"href":"https:\/\/partediario.com.ar\/index.php?rest_route=%2Fwp%2Fv2%2Fmedia&parent=29440"}],"wp:term":[{"taxonomy":"category","embeddable":true,"href":"https:\/\/partediario.com.ar\/index.php?rest_route=%2Fwp%2Fv2%2Fcategories&post=29440"},{"taxonomy":"post_tag","embeddable":true,"href":"https:\/\/partediario.com.ar\/index.php?rest_route=%2Fwp%2Fv2%2Ftags&post=29440"}],"curies":[{"name":"wp","href":"https:\/\/api.w.org\/{rel}","templated":true}]}}