{"id":29443,"date":"2025-11-05T10:48:16","date_gmt":"2025-11-05T13:48:16","guid":{"rendered":"https:\/\/partediario.com.ar\/?p=29443"},"modified":"2025-11-08T19:34:39","modified_gmt":"2025-11-08T22:34:39","slug":"milei-recibio-las-cartas-credenciales-del-embajador-de-los-estados-unidos","status":"publish","type":"post","link":"https:\/\/partediario.com.ar\/?p=29443","title":{"rendered":"Milei recibi\u00f3 las cartas credenciales del embajador de los Estados Unidos"},"content":{"rendered":"\n<h2 class=\"wp-block-heading\">El presidente Javier Milei recibi\u00f3 este martes en su despacho de Casa Rosada al nuevo embajador de los Estados Unidos en la Argentina, Peter Lamelas, quien previamente le hab\u00eda entregado las cartas credenciales, tr\u00e1mite que dio inicio su misi\u00f3n formalmente.<\/h2>\n\n\n\n<p>Lamelas ingres\u00f3 pasadas las 17 a Casa de Gobierno y se retir\u00f3 poco despu\u00e9s de las 18. En principio form\u00f3 parte de la ceremonia de entrega de cartas credenciales al jefe de Estado en el Sal\u00f3n Blanco, que incluy\u00f3 a otros embajadores que comienzan sus funciones.<\/p>\n\n\n\n<p>En la misma oportunidad y acompa\u00f1ado por el canciller Pablo Quirno, Milei hizo lo propio adem\u00e1s con los representantes diplom\u00e1ticos de la Uni\u00f3n Europea, Reino Unido, B\u00e9lgica, Austria y Suiza. Posteriormente, el Presidente mantuvo la audiencia con Lamelas en su despacho.<\/p>\n\n\n\n<p>\u201cEl embajador Peter Lamelas mantuvo hoy una reuni\u00f3n con el presidente Javier Milei, en la que present\u00f3 sus cartas credenciales y reafirm\u00f3 el compromiso de los EE.UU. de fortalecer a\u00fan m\u00e1s la relaci\u00f3n entre nuestros pa\u00edses, basada en valores e intereses compartidos\u201d, expres\u00f3 la Embajada norteamericana en su cuenta de X.<\/p>\n\n\n\n<p>La actividad se desarroll\u00f3 en la previa a un nuevo viaje que har\u00e1 Milei a los Estados Unidos, el n\u00famero 14 desde que es Presidente, ya que partir\u00e1 el 5 de noviembre a las 15 hacia la ciudad de Miami. Ser\u00e1 para participar del America Businnes Forum 2025, que reunir\u00e1 a los principales l\u00edderes de la pol\u00edtica, el deporte, del entretenimiento y cultura global.<\/p>\n\n\n\n<p>Luego de la reuni\u00f3n con Lamelas, Milei recibi\u00f3 en Casa Rosada al predicador evangelista Franklin Graham, actual presidente y director ejecutivo de la Asociaci\u00f3n Evangelista Billy Graham (BGEA) y de la organizaci\u00f3n evang\u00e9lica Samaritan\u2019s Purse.<\/p>\n\n\n\n<p>Lo acompa\u00f1aron adem\u00e1s, el miembro del Directorio de la BGEA, Melvin Graham; el Director para Am\u00e9rica Latina de la BGEA, Christopher Swanson; y el Vicepresidente de Cruzadas de la BGEA, Viktor Hamm.<\/p>\n","protected":false},"excerpt":{"rendered":"<p>El presidente Javier Milei recibi&oacute; este martes en su despacho de Casa Rosada al nuevo embajador de los Estados Unidos en la Argentina, Peter Lamelas, quien previamente le hab&iacute;a entregado las cartas credenciales, tr&aacute;mite que dio inicio su misi&oacute;n formalmente. Lamelas ingres&oacute; pasadas las 17 a Casa de Gobierno y se retir&oacute; poco despu&eacute;s de [&hellip;]<\/p>\n","protected":false},"author":2,"featured_media":29444,"comment_status":"closed","ping_status":"closed","sticky":false,"template":"","format":"standard","meta":{"footnotes":""},"categories":[5,176],"tags":[7068,232,6358],"class_list":["post-29443","post","type-post","status-publish","format-standard","has-post-thumbnail","hentry","category-nacionales","category-politica","tag-credenciales","tag-javier-milei","tag-peter-lamelas"],"_links":{"self":[{"href":"https:\/\/partediario.com.ar\/index.php?rest_route=\/wp\/v2\/posts\/29443","targetHints":{"allow":["GET"]}}],"collection":[{"href":"https:\/\/partediario.com.ar\/index.php?rest_route=\/wp\/v2\/posts"}],"about":[{"href":"https:\/\/partediario.com.ar\/index.php?rest_route=\/wp\/v2\/types\/post"}],"author":[{"embeddable":true,"href":"https:\/\/partediario.com.ar\/index.php?rest_route=\/wp\/v2\/users\/2"}],"replies":[{"embeddable":true,"href":"https:\/\/partediario.com.ar\/index.php?rest_route=%2Fwp%2Fv2%2Fcomments&post=29443"}],"version-history":[{"count":1,"href":"https:\/\/partediario.com.ar\/index.php?rest_route=\/wp\/v2\/posts\/29443\/revisions"}],"predecessor-version":[{"id":29445,"href":"https:\/\/partediario.com.ar\/index.php?rest_route=\/wp\/v2\/posts\/29443\/revisions\/29445"}],"wp:featuredmedia":[{"embeddable":true,"href":"https:\/\/partediario.com.ar\/index.php?rest_route=\/wp\/v2\/media\/29444"}],"wp:attachment":[{"href":"https:\/\/partediario.com.ar\/index.php?rest_route=%2Fwp%2Fv2%2Fmedia&parent=29443"}],"wp:term":[{"taxonomy":"category","embeddable":true,"href":"https:\/\/partediario.com.ar\/index.php?rest_route=%2Fwp%2Fv2%2Fcategories&post=29443"},{"taxonomy":"post_tag","embeddable":true,"href":"https:\/\/partediario.com.ar\/index.php?rest_route=%2Fwp%2Fv2%2Ftags&post=29443"}],"curies":[{"name":"wp","href":"https:\/\/api.w.org\/{rel}","templated":true}]}}