{"id":29446,"date":"2025-11-05T10:54:20","date_gmt":"2025-11-05T13:54:20","guid":{"rendered":"https:\/\/partediario.com.ar\/?p=29446"},"modified":"2025-11-06T09:00:40","modified_gmt":"2025-11-06T12:00:40","slug":"oficializaron-los-requisitos-para-la-tenencia-de-fusiles-y-carabinas-simil-asalto","status":"publish","type":"post","link":"https:\/\/partediario.com.ar\/?p=29446","title":{"rendered":"Oficializaron los requisitos para la tenencia de fusiles y carabinas s\u00edmil asalto"},"content":{"rendered":"\n<h2 class=\"wp-block-heading\">El Gobierno Nacional oficializ\u00f3 el martes los requisitos que deber\u00e1n cumplir los leg\u00edtimos usuarios para adquirir y poseer armas semiautom\u00e1ticas alimentadas con cargadores de quita y pon, s\u00edmil fusiles, carabinas o subametralladoras de asalto de calibre superior al .22 LR.<\/h2>\n\n\n\n<p>La medida conoci\u00f3 a trav\u00e9s de la Resoluci\u00f3n 37\/2025 del Registro Nacional de Armas (RENAR), organismo que reemplaz\u00f3 a la ANMAC.<\/p>\n\n\n\n<p>Esta resoluci\u00f3n reglamenta el Decreto 397\/25, que hab\u00eda eliminado la prohibici\u00f3n de tenencia de estos materiales para leg\u00edtimos usuarios y hab\u00eda encargado al RENAR establecer un \u201cr\u00e9gimen de autorizaci\u00f3n y control especial\u201d.<\/p>\n\n\n\n<p>Para acceder a la tenencia de estas armas, los leg\u00edtimos usuarios de armas de fuego de uso civil condicional (o las Entidades de Tiro) deber\u00e1n cumplir con una serie de recaudos.<\/p>\n\n\n\n<p><strong>Requisitos administrativos y de antig\u00fcedad:<\/strong><\/p>\n\n\n\n<ul class=\"wp-block-list\">\n<li>Tener una antig\u00fcedad m\u00ednima de cinco a\u00f1os como leg\u00edtimo usuario de armas de fuego de uso civil condicional.<\/li>\n\n\n\n<li>No tener sanciones o actuaciones administrativas en tr\u00e1mite ante el RENAR (ex ANMAC).<\/li>\n\n\n\n<li>Contar con un Sector de Guarda registrado tipo G2 (medidas de seguridad espec\u00edficas para el almacenamiento).<\/li>\n\n\n\n<li>Presentar una declaraci\u00f3n jurada detallando los fundamentos de la solicitud.<\/li>\n\n\n\n<li>Identificar el material (marca, modelo, calibre, n\u00famero de serie) y adjuntar fotograf\u00edas.<\/li>\n\n\n\n<li>Acreditaci\u00f3n de \u201cprobados usos deportivos\u201d.<\/li>\n\n\n\n<li>El punto central del nuevo r\u00e9gimen, establecido por el Decreto 397\/25, es que el usuario debe acreditar \u201cprobados usos deportivos\u201d.<\/li>\n<\/ul>\n\n\n\n<p><strong>La resoluci\u00f3n especifica que esto se cumple teniendo, al menos, una de las siguientes condiciones:<\/strong><\/p>\n\n\n\n<p>Una certificaci\u00f3n de una Entidad de Tiro habilitada que avale al solicitante como \u201ctirador asiduo\u201d.<br>Probar la representaci\u00f3n en cert\u00e1menes nacionales y\/o internacionales de tiro deportivo.<\/p>\n\n\n\n<p>Las Entidades de Tiro podr\u00e1n solicitar adem\u00e1s el material para ser utilizado por sus socios en disciplinas deportivas o con fines did\u00e1cticos.<\/p>\n\n\n\n<p>El costo del tr\u00e1mite ser\u00e1 equivalente a la suma de una \u201cTenencia Express\u201d y una \u201cTarjeta de Consumo de Municiones (TCCM)\u201d. Con esta medida, se derogan varias disposiciones anteriores del ex RENAR que regulaban la tenencia de armas de fuego.<\/p>\n","protected":false},"excerpt":{"rendered":"<p>El Gobierno Nacional oficializ&oacute; el martes los requisitos que deber&aacute;n cumplir los leg&iacute;timos usuarios para adquirir y poseer armas semiautom&aacute;ticas alimentadas con cargadores de quita y pon, s&iacute;mil fusiles, carabinas o subametralladoras de asalto de calibre superior al .22 LR. La medida conoci&oacute; a trav&eacute;s de la Resoluci&oacute;n 37\/2025 del Registro Nacional de Armas (RENAR), [&hellip;]<\/p>\n","protected":false},"author":2,"featured_media":29447,"comment_status":"closed","ping_status":"closed","sticky":false,"template":"","format":"standard","meta":{"footnotes":""},"categories":[5,176,726],"tags":[411,7073,7071,7070,7069,2717,7072,3553],"class_list":["post-29446","post","type-post","status-publish","format-standard","has-post-thumbnail","hentry","category-nacionales","category-politica","category-sociedad","tag-argentina","tag-asalto","tag-carabinas","tag-fusiles","tag-oficializacion","tag-requisitos","tag-simil","tag-tenencia"],"_links":{"self":[{"href":"https:\/\/partediario.com.ar\/index.php?rest_route=\/wp\/v2\/posts\/29446","targetHints":{"allow":["GET"]}}],"collection":[{"href":"https:\/\/partediario.com.ar\/index.php?rest_route=\/wp\/v2\/posts"}],"about":[{"href":"https:\/\/partediario.com.ar\/index.php?rest_route=\/wp\/v2\/types\/post"}],"author":[{"embeddable":true,"href":"https:\/\/partediario.com.ar\/index.php?rest_route=\/wp\/v2\/users\/2"}],"replies":[{"embeddable":true,"href":"https:\/\/partediario.com.ar\/index.php?rest_route=%2Fwp%2Fv2%2Fcomments&post=29446"}],"version-history":[{"count":1,"href":"https:\/\/partediario.com.ar\/index.php?rest_route=\/wp\/v2\/posts\/29446\/revisions"}],"predecessor-version":[{"id":29448,"href":"https:\/\/partediario.com.ar\/index.php?rest_route=\/wp\/v2\/posts\/29446\/revisions\/29448"}],"wp:featuredmedia":[{"embeddable":true,"href":"https:\/\/partediario.com.ar\/index.php?rest_route=\/wp\/v2\/media\/29447"}],"wp:attachment":[{"href":"https:\/\/partediario.com.ar\/index.php?rest_route=%2Fwp%2Fv2%2Fmedia&parent=29446"}],"wp:term":[{"taxonomy":"category","embeddable":true,"href":"https:\/\/partediario.com.ar\/index.php?rest_route=%2Fwp%2Fv2%2Fcategories&post=29446"},{"taxonomy":"post_tag","embeddable":true,"href":"https:\/\/partediario.com.ar\/index.php?rest_route=%2Fwp%2Fv2%2Ftags&post=29446"}],"curies":[{"name":"wp","href":"https:\/\/api.w.org\/{rel}","templated":true}]}}