{"id":29449,"date":"2025-11-05T11:00:27","date_gmt":"2025-11-05T14:00:27","guid":{"rendered":"https:\/\/partediario.com.ar\/?p=29449"},"modified":"2025-11-06T09:00:50","modified_gmt":"2025-11-06T12:00:50","slug":"historico-triunfo-de-zohran-mamdani-quien-sera-el-nuevo-alcalde-musulman-de-nueva-york","status":"publish","type":"post","link":"https:\/\/partediario.com.ar\/?p=29449","title":{"rendered":"Hist\u00f3rico triunfo de Zohran Mamdani, quien ser\u00e1 el nuevo alcalde musulm\u00e1n de Nueva York"},"content":{"rendered":"\n<h2 class=\"wp-block-heading\">Zohran Mamdani fue elegido alcalde de la ciudad de Nueva York el martes, culminando un ascenso mete\u00f3rico para este legislador estatal de 34 a\u00f1os, quien se perfila como el alcalde m\u00e1s liberal de la ciudad tras varias generaciones.<\/h2>\n\n\n\n<p>En una victoria para el ala progresista del Partido Dem\u00f3crata, Mamdani derrot\u00f3 al exgobernador Andrew Cuomo y al republicano Curtis Sliwa. A partir de ahora, deber\u00e1 lidiar con las constantes exigencias de la ciudad m\u00e1s grande de Estados Unidos y cumplir con sus ambiciosas promesas de campa\u00f1a, consideradas poco realistas por los esc\u00e9pticos.<\/p>\n\n\n\n<p>Con esta impactante victoria, el socialista dem\u00f3crata har\u00e1 historia como el primer alcalde musulm\u00e1n de la ciudad, el primero de ascendencia surasi\u00e1tica y el primero nacido en \u00c1frica. Mamdani naci\u00f3 en Uganda, donde pas\u00f3 su primera infancia, pero se cri\u00f3 en la ciudad de Nueva York y se nacionaliz\u00f3 estadounidense en 2018.<\/p>\n\n\n\n<p>Ser\u00e1 adem\u00e1s, el alcalde m\u00e1s joven de la ciudad en m\u00e1s de un siglo cuando asuma el cargo el 1 de enero.<\/p>\n\n\n\n<p>El inesperado ascenso de Mamdani da credibilidad a los dem\u00f3cratas que han instado al partido a apoyar a candidatos m\u00e1s progresistas y de izquierda, en vez de respaldar a centristas con la esperanza de recuperar a los votantes indecisos que han abandonado el partido.<\/p>\n\n\n\n<p>La contienda registr\u00f3 la mayor participaci\u00f3n en una elecci\u00f3n a la alcald\u00eda en m\u00e1s de 50 a\u00f1os, con m\u00e1s de dos millones de neoyorquinos emitiendo su voto, de acuerdo a informaci\u00f3n de la Junta Electoral de la ciudad.<\/p>\n\n\n\n<p>Mamdani ya ha sido objeto de cr\u00edticas por parte de los republicanos a nivel nacional, incluido el presidente Donald Trump, quienes lo han presentado con entusiasmo como una amenaza y la cara de lo que consideran un Partido Dem\u00f3crata m\u00e1s radical.<\/p>\n\n\n\n<p>De hecho, Trump amenaz\u00f3 con tomar el control de la ciudad y arrestar y deportar a Mamdani si ganaba. Y m\u00e1s recientemente, afirm\u00f3 que retendr\u00eda fondos federales para Nueva York en caso de un triunfo del joven aspirante.<\/p>\n","protected":false},"excerpt":{"rendered":"<p>Zohran Mamdani fue elegido alcalde de la ciudad de Nueva York el martes, culminando un ascenso mete&oacute;rico para este legislador estatal de 34 a&ntilde;os, quien se perfila como el alcalde m&aacute;s liberal de la ciudad tras varias generaciones. En una victoria para el ala progresista del Partido Dem&oacute;crata, Mamdani derrot&oacute; al exgobernador Andrew Cuomo y [&hellip;]<\/p>\n","protected":false},"author":2,"featured_media":29450,"comment_status":"closed","ping_status":"closed","sticky":false,"template":"","format":"standard","meta":{"footnotes":""},"categories":[9,176],"tags":[7074,7076,2148,7075],"class_list":["post-29449","post","type-post","status-publish","format-standard","has-post-thumbnail","hentry","category-internacionales","category-politica","tag-musulman-new-york","tag-partido-democrata","tag-triunfo","tag-zihran-mandani"],"_links":{"self":[{"href":"https:\/\/partediario.com.ar\/index.php?rest_route=\/wp\/v2\/posts\/29449","targetHints":{"allow":["GET"]}}],"collection":[{"href":"https:\/\/partediario.com.ar\/index.php?rest_route=\/wp\/v2\/posts"}],"about":[{"href":"https:\/\/partediario.com.ar\/index.php?rest_route=\/wp\/v2\/types\/post"}],"author":[{"embeddable":true,"href":"https:\/\/partediario.com.ar\/index.php?rest_route=\/wp\/v2\/users\/2"}],"replies":[{"embeddable":true,"href":"https:\/\/partediario.com.ar\/index.php?rest_route=%2Fwp%2Fv2%2Fcomments&post=29449"}],"version-history":[{"count":1,"href":"https:\/\/partediario.com.ar\/index.php?rest_route=\/wp\/v2\/posts\/29449\/revisions"}],"predecessor-version":[{"id":29451,"href":"https:\/\/partediario.com.ar\/index.php?rest_route=\/wp\/v2\/posts\/29449\/revisions\/29451"}],"wp:featuredmedia":[{"embeddable":true,"href":"https:\/\/partediario.com.ar\/index.php?rest_route=\/wp\/v2\/media\/29450"}],"wp:attachment":[{"href":"https:\/\/partediario.com.ar\/index.php?rest_route=%2Fwp%2Fv2%2Fmedia&parent=29449"}],"wp:term":[{"taxonomy":"category","embeddable":true,"href":"https:\/\/partediario.com.ar\/index.php?rest_route=%2Fwp%2Fv2%2Fcategories&post=29449"},{"taxonomy":"post_tag","embeddable":true,"href":"https:\/\/partediario.com.ar\/index.php?rest_route=%2Fwp%2Fv2%2Ftags&post=29449"}],"curies":[{"name":"wp","href":"https:\/\/api.w.org\/{rel}","templated":true}]}}