{"id":29455,"date":"2025-11-05T11:40:32","date_gmt":"2025-11-05T14:40:32","guid":{"rendered":"https:\/\/partediario.com.ar\/?p=29455"},"modified":"2025-11-06T09:00:53","modified_gmt":"2025-11-06T12:00:53","slug":"fred-machado-sera-extraditado-hoy-a-estados-unidos","status":"publish","type":"post","link":"https:\/\/partediario.com.ar\/?p=29455","title":{"rendered":"Fred Machado ser\u00e1 extraditado hoy a Estados Unidos"},"content":{"rendered":"\n<h2 class=\"wp-block-heading\">Federico \u201cFred\u201d Machado, el empresario argentino acusado de tener v\u00ednculos con el narcotr\u00e1fico y de ser uno de los responsables de financiar la campa\u00f1a del diputado nacional (en licencia) de La Libertad Avanza (LLA) Jos\u00e9 Luis Espert, ser\u00e1 extraditado durante la jornada de hoy hacia Estados Unidos, seg\u00fan informaron fuentes oficiales.<\/h2>\n\n\n\n<p>El vuelo UA 818 de United Airlines, que partir\u00e1 desde el Aeropuerto de Ezeiza, tiene previsto llegar a la ciudad de Houston cerca de las 22.<\/p>\n\n\n\n<p>Machado es investigado por la justicia estadounidense, particularmente por el Tribunal de Distrito del Este de Texas, por su supuesta participaci\u00f3n en actividades de narcotr\u00e1fico, lavado de dinero y estafas; tanto en el exterior como en nuestro pa\u00eds fue acusado de integrar una organizaci\u00f3n delictiva transnacional.<\/p>\n\n\n\n<p>En abril de 2021 fue arrestado en el aeropuerto de la provincia de Neuqu\u00e9n, despu\u00e9s que desde Estados Unidos se solicitara su extradici\u00f3n; este a\u00f1o, la Corte Suprema de Justicia de la Naci\u00f3n autoriz\u00f3 dicha solicitud, por lo que el empresario aeron\u00e1utico fue trasladado a Buenos Aires para ser entregado, este mi\u00e9rcoles, a las autoridades norteamericanas.<\/p>\n\n\n\n<p>La figura de Machado tom\u00f3 un enorme notoriedad p\u00fablica cuando se hizo p\u00fablico su v\u00ednculo \u201camistoso\u201d con Espert: adem\u00e1s de haberle financiado su campa\u00f1a presidencial en 2019 con aparentes fondos vinculados al narcotr\u00e1fico, le habr\u00eda facilitado el uso de aviones y una camioneta durante ese per\u00edodo.<\/p>\n\n\n\n<p>Adem\u00e1s, durante la campa\u00f1a para ser reelecto diputado nacional en octubre de este a\u00f1o, se confirm\u00f3 una transferencia a la cuenta personal de Espert por 200.000 d\u00f3lares en concepto de \u201casesor\u00edas\u201d contables.<\/p>\n\n\n\n<p>Esta situaci\u00f3n deriv\u00f3 en que el legislador libertario no s\u00f3lo renunciara a su candidatura, sino que adem\u00e1s se tomara licencia en sus funciones dentro del Congreso Nacional, donde era presidente de la Comisi\u00f3n de Presupuesto y Hacienda, hasta el pr\u00f3ximo 8 de diciembre, un d\u00eda antes que concluya su mandato.<\/p>\n","protected":false},"excerpt":{"rendered":"<p>Federico &ldquo;Fred&rdquo; Machado, el empresario argentino acusado de tener v&iacute;nculos con el narcotr&aacute;fico y de ser uno de los responsables de financiar la campa&ntilde;a del diputado nacional (en licencia) de La Libertad Avanza (LLA) Jos&eacute; Luis Espert, ser&aacute; extraditado durante la jornada de hoy hacia Estados Unidos, seg&uacute;n informaron fuentes oficiales. El vuelo UA 818 [&hellip;]<\/p>\n","protected":false},"author":2,"featured_media":29456,"comment_status":"closed","ping_status":"closed","sticky":false,"template":"","format":"standard","meta":{"footnotes":""},"categories":[979,5,176],"tags":[467,7078,6932,1302],"class_list":["post-29455","post","type-post","status-publish","format-standard","has-post-thumbnail","hentry","category-judiciales","category-nacionales","category-politica","tag-estados-unidos","tag-extraditado","tag-federico-machado","tag-jose-luis-espert"],"_links":{"self":[{"href":"https:\/\/partediario.com.ar\/index.php?rest_route=\/wp\/v2\/posts\/29455","targetHints":{"allow":["GET"]}}],"collection":[{"href":"https:\/\/partediario.com.ar\/index.php?rest_route=\/wp\/v2\/posts"}],"about":[{"href":"https:\/\/partediario.com.ar\/index.php?rest_route=\/wp\/v2\/types\/post"}],"author":[{"embeddable":true,"href":"https:\/\/partediario.com.ar\/index.php?rest_route=\/wp\/v2\/users\/2"}],"replies":[{"embeddable":true,"href":"https:\/\/partediario.com.ar\/index.php?rest_route=%2Fwp%2Fv2%2Fcomments&post=29455"}],"version-history":[{"count":1,"href":"https:\/\/partediario.com.ar\/index.php?rest_route=\/wp\/v2\/posts\/29455\/revisions"}],"predecessor-version":[{"id":29457,"href":"https:\/\/partediario.com.ar\/index.php?rest_route=\/wp\/v2\/posts\/29455\/revisions\/29457"}],"wp:featuredmedia":[{"embeddable":true,"href":"https:\/\/partediario.com.ar\/index.php?rest_route=\/wp\/v2\/media\/29456"}],"wp:attachment":[{"href":"https:\/\/partediario.com.ar\/index.php?rest_route=%2Fwp%2Fv2%2Fmedia&parent=29455"}],"wp:term":[{"taxonomy":"category","embeddable":true,"href":"https:\/\/partediario.com.ar\/index.php?rest_route=%2Fwp%2Fv2%2Fcategories&post=29455"},{"taxonomy":"post_tag","embeddable":true,"href":"https:\/\/partediario.com.ar\/index.php?rest_route=%2Fwp%2Fv2%2Ftags&post=29455"}],"curies":[{"name":"wp","href":"https:\/\/api.w.org\/{rel}","templated":true}]}}