{"id":29458,"date":"2025-11-05T11:50:10","date_gmt":"2025-11-05T14:50:10","guid":{"rendered":"https:\/\/partediario.com.ar\/?p=29458"},"modified":"2025-11-06T09:01:00","modified_gmt":"2025-11-06T12:01:00","slug":"en-la-casa-rosada-milei-mantiene-una-reunion-con-mas-de-100-diputados-y-senadores-de-la-libertad-avanza-pro","status":"publish","type":"post","link":"https:\/\/partediario.com.ar\/?p=29458","title":{"rendered":"En la Casa Rosada Milei mantiene una reuni\u00f3n con m\u00e1s de 100 diputados y senadores de La Libertad Avanza-PRO"},"content":{"rendered":"\n<h2 class=\"wp-block-heading\">El presidente Javier Milei recibi\u00f3 esta ma\u00f1ana en Casa Rosada a diputados de La Libertad Avanza (LLA) y del PRO y a senadores libertarios electos, seg\u00fan trascendi\u00f3 de fuentes oficiales.<\/h2>\n\n\n\n<p>El encuentro se realiza por estas horas en el Sal\u00f3n H\u00e9roes de Malvinas, ubicado en la planta baja de Casa Rosada, y se desarrolla el d\u00eda despu\u00e9s de la primera convocatoria que encabez\u00f3 la secretaria general de la Presidencia, Karina Milei, con diputados electos por el espacio en los comicios del 26 de octubre.<\/p>\n\n\n\n<p>Si bien el llamado lo efectu\u00f3 Karina Milei, el mandatario, quien se encuentra en su despacho desde las 9.37, lidera el encuentro con m\u00e1s de 120 personas en una foto que le permita reflejar la nueva composici\u00f3n violeta en ambas c\u00e1maras.<\/p>\n\n\n\n<p>En la previa al intercambio, el jefe de bloque libertario, Gabriel Bornoroni, destac\u00f3: \u201cVinimos con todo el bloque para tener una reuni\u00f3n de trabajo. El objetivo es trabajar en equipo como lo venimos haciendo\u201d.<\/p>\n\n\n\n<p>Lo propio hizo Bartolom\u00e9 Abdala, presidente previsional del senado, quien propuso avanzar en nuevos acuerdos legislativos con sectores no peronistas. \u201cEste tipo de reuniones son importantes. Demuestran el crecimiento de nuestro espacio pol\u00edtico, de la libertad avanza, y amerita estar siempre atento, escuchando las novedades y acompa\u00f1ar las reformas que tanto necesita la rep\u00fablica\u201d, apunt\u00f3.<\/p>\n\n\n\n<p>Adem\u00e1s, brind\u00f3 detalles de la convocatoria libertaria del pasado martes, en Casa Rosada, y revel\u00f3 que Karina Milei les pidi\u00f3 \u201cprofundizar y trabajar inteligentemente el tema de las reformas\u201d. \u201cSabemos que tenemos que seguir dialogando y buscado el acuerdo con los sectores no alineados con el kirchnerismo\u201d, sentenci\u00f3.<\/p>\n\n\n\n<p>Desde el pr\u00f3ximo 10 de diciembre, La Libertad Avanza contar\u00e1 con 88 diputados y junto a los aliados del PRO, que tiene 17 diputados, la UCR con 6, y Liga del Interior, con 3, alcanzar\u00e1 la primera minor\u00eda con 115 diputados, con lo cual le quedar\u00e1 solo tender acuerdos con 14 legisladores para alcanzar el qu\u00f3rum de 129 legisladores.<\/p>\n\n\n\n<p>La idea del encuentro es aceitar la coordinaci\u00f3n entre los libertarios y sus aliados para aunar esfuerzos y sancionar el paquete de leyes estructurales que impulsar\u00e1 el Gobierno.<\/p>\n\n\n\n<p>La reuni\u00f3n se lleva a cabo despu\u00e9s que la mesa pol\u00edtica que integran el diputado y designado ministro del Interior, Diego Santilli, y el presidente de la C\u00e1mara Baja, Martin Menem, debutara ayer con el dictamen de mayor\u00eda del Presupuesto 2026, que ser\u00e1 la primera ley que buscar\u00e1 aprobar el Gobierno en las sesiones extraordinarias.<\/p>\n\n\n\n<p>En el encuentro del pasado martes con los diputados electos, la presidenta del partido pidi\u00f3 \u201ccompromiso\u201d a los nuevos diputados para la etapa que viene y subray\u00f3 la representaci\u00f3n del partido violeta en todas las provincias, al haber sido \u00fanico espacio que se present\u00f3 en las 24 jurisdicciones del pa\u00eds en los comicios nacionales.<\/p>\n\n\n\n<p>\u201cFue una presentaci\u00f3n con los diputados electos para tener un primer panorama de lo que va a ser el a\u00f1o parlamentario. Trabajamos dos a\u00f1os para tener m\u00e1s miembros y ahora los tenemos y queremos trabajar de manera ordenada\u201d, detall\u00f3 Mart\u00edn Menem.<\/p>\n\n\n\n<p>La intenci\u00f3n del oficialismo es impulsar la reelecci\u00f3n de Menem como presidente del cuerpo y mantener a Gabriel Bornoroni como presidente del bloque, mientras que el ministro de Defensa y diputado electo, Luis Petri, tendr\u00e1 un lugar preponderante en la c\u00e1mara, que podr\u00eda ser como presidente de una comisi\u00f3n o vicepresidente del cuerpo, indicaron las fuentes parlamentarias.<\/p>\n","protected":false},"excerpt":{"rendered":"<p>El presidente Javier Milei recibi&oacute; esta ma&ntilde;ana en Casa Rosada a diputados de La Libertad Avanza (LLA) y del PRO y a senadores libertarios electos, seg&uacute;n trascendi&oacute; de fuentes oficiales. El encuentro se realiza por estas horas en el Sal&oacute;n H&eacute;roes de Malvinas, ubicado en la planta baja de Casa Rosada, y se desarrolla el [&hellip;]<\/p>\n","protected":false},"author":2,"featured_media":29337,"comment_status":"closed","ping_status":"closed","sticky":false,"template":"","format":"standard","meta":{"footnotes":""},"categories":[5,176],"tags":[310,232,1032,2062,373,1445],"class_list":["post-29458","post","type-post","status-publish","format-standard","has-post-thumbnail","hentry","category-nacionales","category-politica","tag-diputados","tag-javier-milei","tag-la-libertad-avanza","tag-pro","tag-reunion","tag-senadores"],"_links":{"self":[{"href":"https:\/\/partediario.com.ar\/index.php?rest_route=\/wp\/v2\/posts\/29458","targetHints":{"allow":["GET"]}}],"collection":[{"href":"https:\/\/partediario.com.ar\/index.php?rest_route=\/wp\/v2\/posts"}],"about":[{"href":"https:\/\/partediario.com.ar\/index.php?rest_route=\/wp\/v2\/types\/post"}],"author":[{"embeddable":true,"href":"https:\/\/partediario.com.ar\/index.php?rest_route=\/wp\/v2\/users\/2"}],"replies":[{"embeddable":true,"href":"https:\/\/partediario.com.ar\/index.php?rest_route=%2Fwp%2Fv2%2Fcomments&post=29458"}],"version-history":[{"count":1,"href":"https:\/\/partediario.com.ar\/index.php?rest_route=\/wp\/v2\/posts\/29458\/revisions"}],"predecessor-version":[{"id":29459,"href":"https:\/\/partediario.com.ar\/index.php?rest_route=\/wp\/v2\/posts\/29458\/revisions\/29459"}],"wp:featuredmedia":[{"embeddable":true,"href":"https:\/\/partediario.com.ar\/index.php?rest_route=\/wp\/v2\/media\/29337"}],"wp:attachment":[{"href":"https:\/\/partediario.com.ar\/index.php?rest_route=%2Fwp%2Fv2%2Fmedia&parent=29458"}],"wp:term":[{"taxonomy":"category","embeddable":true,"href":"https:\/\/partediario.com.ar\/index.php?rest_route=%2Fwp%2Fv2%2Fcategories&post=29458"},{"taxonomy":"post_tag","embeddable":true,"href":"https:\/\/partediario.com.ar\/index.php?rest_route=%2Fwp%2Fv2%2Ftags&post=29458"}],"curies":[{"name":"wp","href":"https:\/\/api.w.org\/{rel}","templated":true}]}}