{"id":2950,"date":"2024-06-20T11:51:15","date_gmt":"2024-06-20T14:51:15","guid":{"rendered":"https:\/\/partediario.com.ar\/?p=2950"},"modified":"2024-06-20T11:51:16","modified_gmt":"2024-06-20T14:51:16","slug":"loan-podria-haber-sido-visto-en-una-parrilla-en-la-provincia-de-entre-rios-llego-en-un-auto-gris-con-3-adultos-senalaron","status":"publish","type":"post","link":"https:\/\/partediario.com.ar\/?p=2950","title":{"rendered":"Loan podr\u00eda haber sido visto en una parrilla en la provincia de Entre R\u00edos \u00ablleg\u00f3 en un auto gris con 3 adultos\u00bb, se\u00f1alaron"},"content":{"rendered":"\n<p><strong>Una denuncia realizada por el due\u00f1o de una parrilla ubicada sobre Ruta 12, a pocos metros del puesto caminero que la polic\u00eda de Entre R\u00edos, tiene en el kil\u00f3metro 118, podr\u00eda ser una nueva pista en el caso de la desaparici\u00f3n de Loan Danilo Pe\u00f1a, el ni\u00f1o de 5 a\u00f1os desaparecido el jueves pasado en la provincia de Corrientes.<\/strong><\/p>\n\n\n\n<p>De acuerdo al testimonio de Horacio Mac\u00edas, due\u00f1o de la parrilla ubicada en Ruta 12, el jueves 13 de junio por la noche, entre las 22 y la medianoche, un auto de alta gama color gris y con los vidrios polarizados lleg\u00f3 al comedor para cenar. Del veh\u00edculo bajaron tres mayores de edad \u2013dos hombres y una mujer\u2013 y un ni\u00f1o de alrededor de cinco a\u00f1os.<\/p>\n\n\n\n<p>Mientras los mayores com\u00edan parrillada en una de las mesas, el ni\u00f1o comenz\u00f3 a dar vueltas por el lugar, uno de los chicos que atend\u00eda le pregunt\u00f3 al nene su nombre, y el menor le contest\u00f3 \u201cLoan\u201d. Al principio no le entendi\u00f3 bien y le repregunt\u00f3 \u201c\u00bfJuan?\u201d. \u201cNo, Loan\u201d. Este escueto di\u00e1logo fue escuchado tambi\u00e9n por el parrillero del comedor, quien luego al enterarse por los medios de comunicacion, realiz\u00f3 la denuncia.<\/p>\n\n\n\n<p><\/p>\n\n\n\n<iframe src=\"https:\/\/www.google.com\/maps\/embed?pb=!1m16!1m12!1m3!1d3313.1870741367015!2d-58.87744032429188!3d-33.859069373230255!2m3!1f0!2f0!3f0!3m2!1i1024!2i768!4f13.1!2m1!1spuesto%20caminero%20policia%20entre%20rios%20ruta%2012!5e0!3m2!1ses!2sar!4v1718894921280!5m2!1ses!2sar\" width=\"600\" height=\"450\" style=\"border:0;\" allowfullscreen=\"\" loading=\"lazy\" referrerpolicy=\"no-referrer-when-downgrade\"><\/iframe>\n\n\n\n<p>En ese momento no detectaron nada malo o sospechoso ya que la desaparici\u00f3n del ni\u00f1o no hab\u00eda llegado a los medios nacionales; ni siquiera era una tendencia en redes sociales. Sin embargo, a medida que el caso se hizo conocido, el muchacho que le pregunt\u00f3 el nombre a ese ni\u00f1o, le cont\u00f3 todo a Mac\u00edas, el due\u00f1o de la parrilla, quien al mostrarle la foto del nene que es buscado en Corrientes afirm\u00f3 de manera fehaciente que era el mismo que hab\u00eda estado en la parrilla, el jueves pasado.<\/p>\n\n\n\n<p>\u201cMat\u00edas, el muchacho este que trabaja conmigo en la parrilla, se puso hablar con el nene el jueves por la noche, mientras los tres mayores con los que viajaba cenaban una parrillada. Inclusive pidieron vino, relataron. En ese momento no llam\u00f3 nada la atenci\u00f3n. Yo vivo y soy de Gualeguaych\u00fa, igual que Mat\u00edas, y el lunes, cuando viaj\u00e1bamos a trabajar en la parrilla, me cuenta todo. \u2018Yo lo vi y estuve hablando con \u00e9l\u2019, me dijo, y tambi\u00e9n me cont\u00f3 que el parrillero que trabaja ac\u00e1 con nosotros tambi\u00e9n escuch\u00f3 el nene dijo \u2018Me llamo Loan\u2019\u201d, precis\u00f3 Mac\u00edas.<\/p>\n","protected":false},"excerpt":{"rendered":"<p>Una denuncia realizada por el due&ntilde;o de una parrilla ubicada sobre Ruta 12, a pocos metros del puesto caminero que la polic&iacute;a de Entre R&iacute;os, tiene en el kil&oacute;metro 118, podr&iacute;a ser una nueva pista en el caso de la desaparici&oacute;n de Loan Danilo Pe&ntilde;a, el ni&ntilde;o de 5 a&ntilde;os desaparecido el jueves pasado en [&hellip;]<\/p>\n","protected":false},"author":2,"featured_media":2951,"comment_status":"open","ping_status":"open","sticky":false,"template":"","format":"standard","meta":{"footnotes":""},"categories":[5,7],"tags":[449,448,257,702,703,704],"class_list":["post-2950","post","type-post","status-publish","format-standard","has-post-thumbnail","hentry","category-nacionales","category-policiales","tag-busqueda","tag-corrientes","tag-entre-rios","tag-loan-pena","tag-parrilla","tag-ruta-12"],"_links":{"self":[{"href":"https:\/\/partediario.com.ar\/index.php?rest_route=\/wp\/v2\/posts\/2950","targetHints":{"allow":["GET"]}}],"collection":[{"href":"https:\/\/partediario.com.ar\/index.php?rest_route=\/wp\/v2\/posts"}],"about":[{"href":"https:\/\/partediario.com.ar\/index.php?rest_route=\/wp\/v2\/types\/post"}],"author":[{"embeddable":true,"href":"https:\/\/partediario.com.ar\/index.php?rest_route=\/wp\/v2\/users\/2"}],"replies":[{"embeddable":true,"href":"https:\/\/partediario.com.ar\/index.php?rest_route=%2Fwp%2Fv2%2Fcomments&post=2950"}],"version-history":[{"count":1,"href":"https:\/\/partediario.com.ar\/index.php?rest_route=\/wp\/v2\/posts\/2950\/revisions"}],"predecessor-version":[{"id":2952,"href":"https:\/\/partediario.com.ar\/index.php?rest_route=\/wp\/v2\/posts\/2950\/revisions\/2952"}],"wp:featuredmedia":[{"embeddable":true,"href":"https:\/\/partediario.com.ar\/index.php?rest_route=\/wp\/v2\/media\/2951"}],"wp:attachment":[{"href":"https:\/\/partediario.com.ar\/index.php?rest_route=%2Fwp%2Fv2%2Fmedia&parent=2950"}],"wp:term":[{"taxonomy":"category","embeddable":true,"href":"https:\/\/partediario.com.ar\/index.php?rest_route=%2Fwp%2Fv2%2Fcategories&post=2950"},{"taxonomy":"post_tag","embeddable":true,"href":"https:\/\/partediario.com.ar\/index.php?rest_route=%2Fwp%2Fv2%2Ftags&post=2950"}],"curies":[{"name":"wp","href":"https:\/\/api.w.org\/{rel}","templated":true}]}}