{"id":29504,"date":"2025-11-07T10:40:54","date_gmt":"2025-11-07T13:40:54","guid":{"rendered":"https:\/\/partediario.com.ar\/?p=29504"},"modified":"2025-11-08T19:34:23","modified_gmt":"2025-11-08T22:34:23","slug":"salta-buscan-desesperadamente-a-jusila-una-nina-wichi-de-15-anos","status":"publish","type":"post","link":"https:\/\/partediario.com.ar\/?p=29504","title":{"rendered":"Salta: buscan desesperadamente a Jusila, una ni\u00f1a wichi de 15 a\u00f1os"},"content":{"rendered":"\n<h2 class=\"wp-block-heading\">En la ciudad de Mosconi y desde la Comunidad Wich\u00ed de la zona, informaron con suma preocupaci\u00f3n que desde el d\u00eda jueves 23 se encuentra desaparecida la adolescente Jusila Torres, hija del vecino originario Dante Torres. Hasta el momento no se tienen noticias sobre su paradero.<\/h2>\n\n\n\n<p>Jusila tiene 15 a\u00f1os, lleva un piercing en la ceja y una marca de nacimiento (mancha negra) en el brazo derecho.<\/p>\n\n\n\n<p>La familia ya efectu\u00f3 la denuncia correspondiente en la comisar\u00eda local, y la polic\u00eda se encuentra trabajando e investigando el caso. En los pr\u00f3ximos d\u00edas podr\u00edan recorrer distintos sectores de la comunidad para obtener informaci\u00f3n, por lo que pedimos a todos colaboraci\u00f3n.<\/p>\n\n\n\n<p><\/p>\n\n\n\n<figure class=\"wp-block-image size-large\"><img loading=\"lazy\" decoding=\"async\" width=\"618\" height=\"1024\" src=\"https:\/\/partediario.com.ar\/wp-content\/uploads\/Jusila-Torres-2-618x1024.jpeg\" alt=\"\" class=\"wp-image-29506\" srcset=\"https:\/\/partediario.com.ar\/wp-content\/uploads\/Jusila-Torres-2-618x1024.jpeg 618w, https:\/\/partediario.com.ar\/wp-content\/uploads\/Jusila-Torres-2-181x300.jpeg 181w, https:\/\/partediario.com.ar\/wp-content\/uploads\/Jusila-Torres-2.jpeg 720w\" sizes=\"auto, (max-width: 618px) 100vw, 618px\" \/><\/figure>\n\n\n\n<p><\/p>\n\n\n\n<p>Si alguien cuenta con alguna informaci\u00f3n o la vio en alg\u00fan lugar, por favor comunicarse de inmediato a los siguientes n\u00fameros de contacto:<\/p>\n\n\n\n<p><strong>Dante Torres (padre): 3873509315<\/strong><\/p>\n\n\n\n<p><strong>Leonardo Mansilla: 3873656010<\/strong><\/p>\n\n\n\n<p><strong>Claudio Lorenzo: 3873357598<\/strong><\/p>\n\n\n\n<p>Se pide a los medios de comunicaci\u00f3n, instituciones y vecinos difundir la foto de la menor desaparecida.<\/p>\n","protected":false},"excerpt":{"rendered":"<p>En la ciudad de Mosconi y desde la Comunidad Wich&iacute; de la zona, informaron con suma preocupaci&oacute;n que desde el d&iacute;a jueves 23 se encuentra desaparecida la adolescente Jusila Torres, hija del vecino originario Dante Torres. Hasta el momento no se tienen noticias sobre su paradero. Jusila tiene 15 a&ntilde;os, lleva un piercing en la [&hellip;]<\/p>\n","protected":false},"author":2,"featured_media":29505,"comment_status":"closed","ping_status":"closed","sticky":false,"template":"","format":"standard","meta":{"footnotes":""},"categories":[7,8,726],"tags":[952,449,7097,7096],"class_list":["post-29504","post","type-post","status-publish","format-standard","has-post-thumbnail","hentry","category-policiales","category-provinciales","category-sociedad","tag-adolescente","tag-busqueda","tag-jusila-torres","tag-wichi"],"_links":{"self":[{"href":"https:\/\/partediario.com.ar\/index.php?rest_route=\/wp\/v2\/posts\/29504","targetHints":{"allow":["GET"]}}],"collection":[{"href":"https:\/\/partediario.com.ar\/index.php?rest_route=\/wp\/v2\/posts"}],"about":[{"href":"https:\/\/partediario.com.ar\/index.php?rest_route=\/wp\/v2\/types\/post"}],"author":[{"embeddable":true,"href":"https:\/\/partediario.com.ar\/index.php?rest_route=\/wp\/v2\/users\/2"}],"replies":[{"embeddable":true,"href":"https:\/\/partediario.com.ar\/index.php?rest_route=%2Fwp%2Fv2%2Fcomments&post=29504"}],"version-history":[{"count":1,"href":"https:\/\/partediario.com.ar\/index.php?rest_route=\/wp\/v2\/posts\/29504\/revisions"}],"predecessor-version":[{"id":29507,"href":"https:\/\/partediario.com.ar\/index.php?rest_route=\/wp\/v2\/posts\/29504\/revisions\/29507"}],"wp:featuredmedia":[{"embeddable":true,"href":"https:\/\/partediario.com.ar\/index.php?rest_route=\/wp\/v2\/media\/29505"}],"wp:attachment":[{"href":"https:\/\/partediario.com.ar\/index.php?rest_route=%2Fwp%2Fv2%2Fmedia&parent=29504"}],"wp:term":[{"taxonomy":"category","embeddable":true,"href":"https:\/\/partediario.com.ar\/index.php?rest_route=%2Fwp%2Fv2%2Fcategories&post=29504"},{"taxonomy":"post_tag","embeddable":true,"href":"https:\/\/partediario.com.ar\/index.php?rest_route=%2Fwp%2Fv2%2Ftags&post=29504"}],"curies":[{"name":"wp","href":"https:\/\/api.w.org\/{rel}","templated":true}]}}