{"id":29508,"date":"2025-11-07T11:35:42","date_gmt":"2025-11-07T14:35:42","guid":{"rendered":"https:\/\/partediario.com.ar\/?p=29508"},"modified":"2025-11-08T19:34:20","modified_gmt":"2025-11-08T22:34:20","slug":"milei-cierra-la-gira-en-ee-uu-en-el-council-de-las-americas-y-luego-viaja-a-bolivia-para-la-asuncion-de-rodrigo-paz","status":"publish","type":"post","link":"https:\/\/partediario.com.ar\/?p=29508","title":{"rendered":"Milei cierra la gira en EE.UU. en el Council de las Americas y luego viaja a Bolivia para la asunci\u00f3n de Rodrigo Paz"},"content":{"rendered":"\n<h2 class=\"wp-block-heading\">El presidente Javier Milei cierra su decimocuarta visita a los Estados Unidos con su disertaci\u00f3n en el Council de las Am\u00e9ricas y luego saldr\u00e1, en horas de la madrugada, a Bolivia para participar de la ceremonia de asunci\u00f3n de su par Rodrigo Paz Pereira.<\/h2>\n\n\n\n<p>Este mediod\u00eda, el presidente participar\u00e1 del conversatorio \u201cNuevas oportunidades de inversi\u00f3n en Argentina\u201d, en el marco del Council de las Am\u00e9ricas, que se celebra por estas fechas en Nueva York. A pesar que no figura en agenda, el jefe de Estado se tomar\u00e1 algunos minutos de su d\u00eda para visitar \u00abEl Ohel\u00bb, la tumba del rabino Menachem Mendel Schneerson, conocido como \u00abel rebe de Lubavitch\u00bb.<\/p>\n\n\n\n<p>No es la primera vez que la frecuenta sino que configura una tradici\u00f3n personal del libertario. En esta oportunidad, lo har\u00e1 para agradecer por su triunfo electoral de La Libertad Avanza (LLA) del pasado 26 de octubre.<\/p>\n\n\n\n<p>Por la tarde, a las 19, hora local, la delegaci\u00f3n argentina saldr\u00e1 hacia la ciudad de Santa Cruz de la Sierra, en Bolivia.<\/p>\n\n\n\n<p>Est\u00e1 previsto que la comitiva arribe a suelo boliviano a las 3 del s\u00e1bado 8 de noviembre, con intenci\u00f3n de volver a trasladarse con destino a la ciudad de El Alto a las 9.30. All\u00ed, a las 11, participar\u00e1 de la Sesi\u00f3n Inaugural de la Asamblea Nacional Legislativa Plurinacional.<\/p>\n\n\n\n<p>Tambi\u00e9n est\u00e1 previsto dentro de la agenda, que salude a Rodrigo Paz Pereira, en la previa a la ceremonia de entrega del bast\u00f3n de mando. A las 14, emprender\u00e1 el vuelo de regreso al pa\u00eds, donde se aguarda que el avi\u00f3n aterrice en la Ciudad de Buenos Aires a las 17.35.<\/p>\n","protected":false},"excerpt":{"rendered":"<p>El presidente Javier Milei cierra su decimocuarta visita a los Estados Unidos con su disertaci&oacute;n en el Council de las Am&eacute;ricas y luego saldr&aacute;, en horas de la madrugada, a Bolivia para participar de la ceremonia de asunci&oacute;n de su par Rodrigo Paz Pereira. Este mediod&iacute;a, el presidente participar&aacute; del conversatorio &ldquo;Nuevas oportunidades de inversi&oacute;n [&hellip;]<\/p>\n","protected":false},"author":2,"featured_media":29509,"comment_status":"closed","ping_status":"closed","sticky":false,"template":"","format":"standard","meta":{"footnotes":""},"categories":[5,176],"tags":[1093,7099,467,3130,232,6998],"class_list":["post-29508","post","type-post","status-publish","format-standard","has-post-thumbnail","hentry","category-nacionales","category-politica","tag-bolivia","tag-council-americas","tag-estados-unidos","tag-gira","tag-javier-milei","tag-rodrigo-paz-pereira"],"_links":{"self":[{"href":"https:\/\/partediario.com.ar\/index.php?rest_route=\/wp\/v2\/posts\/29508","targetHints":{"allow":["GET"]}}],"collection":[{"href":"https:\/\/partediario.com.ar\/index.php?rest_route=\/wp\/v2\/posts"}],"about":[{"href":"https:\/\/partediario.com.ar\/index.php?rest_route=\/wp\/v2\/types\/post"}],"author":[{"embeddable":true,"href":"https:\/\/partediario.com.ar\/index.php?rest_route=\/wp\/v2\/users\/2"}],"replies":[{"embeddable":true,"href":"https:\/\/partediario.com.ar\/index.php?rest_route=%2Fwp%2Fv2%2Fcomments&post=29508"}],"version-history":[{"count":1,"href":"https:\/\/partediario.com.ar\/index.php?rest_route=\/wp\/v2\/posts\/29508\/revisions"}],"predecessor-version":[{"id":29510,"href":"https:\/\/partediario.com.ar\/index.php?rest_route=\/wp\/v2\/posts\/29508\/revisions\/29510"}],"wp:featuredmedia":[{"embeddable":true,"href":"https:\/\/partediario.com.ar\/index.php?rest_route=\/wp\/v2\/media\/29509"}],"wp:attachment":[{"href":"https:\/\/partediario.com.ar\/index.php?rest_route=%2Fwp%2Fv2%2Fmedia&parent=29508"}],"wp:term":[{"taxonomy":"category","embeddable":true,"href":"https:\/\/partediario.com.ar\/index.php?rest_route=%2Fwp%2Fv2%2Fcategories&post=29508"},{"taxonomy":"post_tag","embeddable":true,"href":"https:\/\/partediario.com.ar\/index.php?rest_route=%2Fwp%2Fv2%2Ftags&post=29508"}],"curies":[{"name":"wp","href":"https:\/\/api.w.org\/{rel}","templated":true}]}}