{"id":2953,"date":"2024-06-20T11:58:34","date_gmt":"2024-06-20T14:58:34","guid":{"rendered":"https:\/\/partediario.com.ar\/?p=2953"},"modified":"2024-06-20T11:58:35","modified_gmt":"2024-06-20T14:58:35","slug":"milei-convoco-al-pacto-de-mayo-seria-el-9-de-julio-en-tucuman","status":"publish","type":"post","link":"https:\/\/partediario.com.ar\/?p=2953","title":{"rendered":"Milei convoc\u00f3 al Pacto de Mayo: ser\u00eda el 9 de Julio en Tucum\u00e1n"},"content":{"rendered":"\n<p><strong>Javier Milei particip\u00f3 del acto por los festejos del D\u00eda de la Bandera en Rosario y anunci\u00f3 el Pacto de Mayo y convoc\u00f3 a gobernadores, dirigentes pol\u00edticos, expresidentes, empresarios y miembros de la Corte Suprema.<\/strong><\/p>\n\n\n\n<p>Javier Milei encabez\u00f3 este 20 de junio los festejos por el D\u00eda de la Bandera que se llevaron a cabo en la ciudad de Rosario, Santa Fe. Junto a la vicepresidenta Victoria Villarruel y los principales dirigentes del Gobierno nacional, el mandatario nacional habl\u00f3 desde el Monumento a la Bandera y relanz\u00f3 el Pacto de Mayo.<\/p>\n\n\n\n<p><\/p>\n\n\n\n<figure class=\"wp-block-embed is-type-video is-provider-youtube wp-block-embed-youtube wp-embed-aspect-16-9 wp-has-aspect-ratio\"><div class=\"wp-block-embed__wrapper\">\n<iframe loading=\"lazy\" title=\"El Presidente Javier Milei encabeza el acto del D\u00eda de la Bandera en Rosario\" width=\"640\" height=\"360\" src=\"https:\/\/www.youtube.com\/embed\/C99l1N5Ql4I?feature=oembed\" frameborder=\"0\" allow=\"accelerometer; autoplay; clipboard-write; encrypted-media; gyroscope; picture-in-picture; web-share\" referrerpolicy=\"strict-origin-when-cross-origin\" allowfullscreen><\/iframe>\n<\/div><\/figure>\n\n\n\n<p><\/p>\n\n\n\n<p>\u00abSue\u00f1o con un mundo en el que la Bandera Argentina flamee alta en el cielo, orgullosa entre las naciones m\u00e1s pr\u00f3speras de la Tierra\u00bb, expres\u00f3 Javier Milei y convoc\u00f3 a que el Pacto de Mayo se firme el 9 de Julio, D\u00eda de la Independencia, en la provincia de Tucum\u00e1n.<\/p>\n\n\n\n<p>\u00abAvanzada ya la sanci\u00f3n de la Ley Bases y el Paquete Fiscal, quiero convocar a todas las autoridades pol\u00edticas, los gobernadores, dirigentes de los principales partidos pol\u00edticos, los expresidentes de la Naci\u00f3n, los miembros de la honorable Corte Suprema de Justicia, los empresarios, los trabajadores y, por supuesto, a toda la ciudadan\u00eda argentina, a que nos encontremos la noche del pr\u00f3ximo 9 de Julio en Tucum\u00e1n, para firmar el Pacto de Mayo y empecemos a dar vuelta la p\u00e1gina de nuestra historia\u00bb, asegur\u00f3.<\/p>\n\n\n\n<p>Y agreg\u00f3: \u00abEs fundamental que todos aquellos que compartimos la causa de la libertad y que entendemos que la Argentina tiene que volver a abrazar las ideas que nos hicieron grandes, depongamos las anteojeras partidaras, nos desprendamos de nuestros intereses particulares y trabajemos juntos para establecer el nuevo orden econ\u00f3mico que la Argentina necesita para volver a ser una potencia mundial\u00bb.<\/p>\n\n\n\n<p>Desde la Municipalidad de Rosario informaron que el evento de este jueves continuar\u00e1 de 12 a 18, frente al Monumento Hist\u00f3rico Nacional a la Bandera Argentina y contar\u00e1 con concursos gastron\u00f3micos de asadores, pastelitos y empanadas, ferias de artesanos y de econom\u00eda social, un espacio para las infancias con juegos, lecturas y otras propuestas, patios de baile y escenarios con m\u00fasica en vivo.<\/p>\n","protected":false},"excerpt":{"rendered":"<p>Javier Milei particip&oacute; del acto por los festejos del D&iacute;a de la Bandera en Rosario y anunci&oacute; el Pacto de Mayo y convoc&oacute; a gobernadores, dirigentes pol&iacute;ticos, expresidentes, empresarios y miembros de la Corte Suprema. Javier Milei encabez&oacute; este 20 de junio los festejos por el D&iacute;a de la Bandera que se llevaron a cabo [&hellip;]<\/p>\n","protected":false},"author":2,"featured_media":2954,"comment_status":"open","ping_status":"open","sticky":false,"template":"","format":"standard","meta":{"footnotes":""},"categories":[5,176],"tags":[707,232,708,706,608,233],"class_list":["post-2953","post","type-post","status-publish","format-standard","has-post-thumbnail","hentry","category-nacionales","category-politica","tag-dia-de-la-bandera","tag-javier-milei","tag-pacto-de-mayo","tag-rosario","tag-tucuman","tag-victoria-villarruel"],"_links":{"self":[{"href":"https:\/\/partediario.com.ar\/index.php?rest_route=\/wp\/v2\/posts\/2953","targetHints":{"allow":["GET"]}}],"collection":[{"href":"https:\/\/partediario.com.ar\/index.php?rest_route=\/wp\/v2\/posts"}],"about":[{"href":"https:\/\/partediario.com.ar\/index.php?rest_route=\/wp\/v2\/types\/post"}],"author":[{"embeddable":true,"href":"https:\/\/partediario.com.ar\/index.php?rest_route=\/wp\/v2\/users\/2"}],"replies":[{"embeddable":true,"href":"https:\/\/partediario.com.ar\/index.php?rest_route=%2Fwp%2Fv2%2Fcomments&post=2953"}],"version-history":[{"count":1,"href":"https:\/\/partediario.com.ar\/index.php?rest_route=\/wp\/v2\/posts\/2953\/revisions"}],"predecessor-version":[{"id":2955,"href":"https:\/\/partediario.com.ar\/index.php?rest_route=\/wp\/v2\/posts\/2953\/revisions\/2955"}],"wp:featuredmedia":[{"embeddable":true,"href":"https:\/\/partediario.com.ar\/index.php?rest_route=\/wp\/v2\/media\/2954"}],"wp:attachment":[{"href":"https:\/\/partediario.com.ar\/index.php?rest_route=%2Fwp%2Fv2%2Fmedia&parent=2953"}],"wp:term":[{"taxonomy":"category","embeddable":true,"href":"https:\/\/partediario.com.ar\/index.php?rest_route=%2Fwp%2Fv2%2Fcategories&post=2953"},{"taxonomy":"post_tag","embeddable":true,"href":"https:\/\/partediario.com.ar\/index.php?rest_route=%2Fwp%2Fv2%2Ftags&post=2953"}],"curies":[{"name":"wp","href":"https:\/\/api.w.org\/{rel}","templated":true}]}}