{"id":29543,"date":"2025-11-09T10:32:13","date_gmt":"2025-11-09T13:32:13","guid":{"rendered":"https:\/\/partediario.com.ar\/?p=29543"},"modified":"2025-11-11T18:42:58","modified_gmt":"2025-11-11T21:42:58","slug":"nacion-y-provincia-acuerdan-1-900-millones-para-municipios-en-emergencia-por-inundaciones","status":"publish","type":"post","link":"https:\/\/partediario.com.ar\/?p=29543","title":{"rendered":"Naci\u00f3n y Provincia acuerdan $1.900 millones para municipios en emergencia por inundaciones"},"content":{"rendered":"\n<h2 class=\"wp-block-heading\">Mar\u00eda Jos\u00e9 Gentile, intendenta de 9 de Julio, subray\u00f3 un \u00abencuentro muy bueno\u00bb con funcionarios de los gobiernos nacional y provincial, el cual calific\u00f3 como un \u201cprimer encuentro\u201d, celebrado por todos los intendentes participantes, que incluyeron a Lincoln, General Viamonte, Bragado y Carlos Casares.<\/h2>\n\n\n\n<p>La intendenta, quien ven\u00eda en comunicaci\u00f3n con la ministra de Seguridad Patricia Bullrich y funcionarios nacionales, record\u00f3 que la grave situaci\u00f3n de las inundaciones en la zona rural. \u201cNo es de un d\u00eda para otro, ya que empieza en febrero aproximadamente con lluvias que, en los primeros tres meses del a\u00f1o, fueron muy intensas y hizo que que bueno desbordara todo, se negara todo la zona rural\u201d, se\u00f1al\u00f3.<\/p>\n\n\n\n<p>La jefa comunal indic\u00f3 en declaracioens radiales que, si bien el trabajo comenz\u00f3 intenso en ese momento, a los meses \u201cse sum\u00f3 tambi\u00e9n la provincia para brindar ayuda con maquinarias y con alg\u00fan tipo de ayuda econ\u00f3mica\u201d. El encuentro de este s\u00e1bado fue \u201cpositivo\u201d con una movilizaci\u00f3n importante de Naci\u00f3n, con la presencia del Ej\u00e9rcito y la Ministra, y del sector provincial.<\/p>\n\n\n\n<p>Consultada sobre las soluciones para las miles y miles de hect\u00e1reas bajo el agua, Gentile asegur\u00f3 que como \u201cobras de fondo, estructurales, la obra del Salado es crucial, sobre todo la del nodo dragado, ya que es la que necesita toda la regi\u00f3n para que el agua tenga curso, que se encauce\u201d.<\/p>\n\n\n\n<p>En cuanto al dragado del Salado, la intendenta mencion\u00f3 que \u201cellos dijeron un a\u00f1o para la finalizaci\u00f3n de la etapa cuatro, si bien algunos t\u00e9cnicos dec\u00edan que bueno que iban a llevar bastante tiempo\u201d. E inform\u00f3 que \u201choy hay dos dragas\u201d en una parte de ese dragado, y que la etapa del nodo dragado \u201cla han puesto en el presupuesto de 2026 la provincia\u201d, por lo que es una obra provincial.<\/p>\n\n\n\n<p><strong>Encuentro positivo<\/strong><\/p>\n\n\n\n<p>Gentile celebr\u00f3 que en la reuni\u00f3n con los intendentes estuvo tanto Naci\u00f3n como Provincia. \u201cSinceramente, para nosotros ha sido un d\u00eda muy bueno porque pudimos sentarnos en la mesa naci\u00f3n y provincia y poder acordar trabajos en conjunto\u201d, remarc\u00f3. Esta colaboraci\u00f3n result\u00f3 en que Naci\u00f3n \u201csuma maquinaria junto con el ej\u00e9rcito\u201d y \u201cuna parte econ\u00f3mica del fondo h\u00eddrico\u201d.<\/p>\n\n\n\n<p>La intendenta destac\u00f3 que se \u201cdestinar\u00e1n 1.900 millones de pesos de fondo h\u00eddrico para unos 20 municipios aproximadamente que estamos hoy en emergencia h\u00eddrica\u201d. Este monto, agreg\u00f3, \u201cse va a repartir seg\u00fan el grado de afectaci\u00f3n o el porcentaje de afectaci\u00f3n que tenga cada uno de los partidos\u201d. Funcionarios nacionales tambi\u00e9n acordaron algunos cr\u00e9dito con productores.<\/p>\n\n\n\n<p>Finalmente, Gentile admiti\u00f3 que quedaron muchas zonas rurales aisladas, principalmente en la parte sur de 9 de Julio,\u201cdonde el desborde de un canal asociado complic\u00f3 la situaci\u00f3n de parajes. \u201dSi bien hay muchos autoevacuados que decidieron ir al casco urbano, tenemos un relevamiento de aquellas personas que se han quedado, y est\u00e1n siendo asistidas por parte del municipio. Ahora, con la asistencia de Defensa Civil de Provincia y Naci\u00f3n, esperan tener mejor llegadas\u201d, finaliz\u00f3.<\/p>\n","protected":false},"excerpt":{"rendered":"<p>Mar&iacute;a Jos&eacute; Gentile, intendenta de 9 de Julio, subray&oacute; un &laquo;encuentro muy bueno&raquo; con funcionarios de los gobiernos nacional y provincial, el cual calific&oacute; como un &ldquo;primer encuentro&rdquo;, celebrado por todos los intendentes participantes, que incluyeron a Lincoln, General Viamonte, Bragado y Carlos Casares. La intendenta, quien ven&iacute;a en comunicaci&oacute;n con la ministra de Seguridad [&hellip;]<\/p>\n","protected":false},"author":2,"featured_media":29544,"comment_status":"closed","ping_status":"closed","sticky":false,"template":"","format":"standard","meta":{"footnotes":""},"categories":[5,176],"tags":[1108,721,258,2463,4055,7117,297,332,496],"class_list":["post-29543","post","type-post","status-publish","format-standard","has-post-thumbnail","hentry","category-nacionales","category-politica","tag-acuerdo","tag-buenos-aires","tag-emergencia","tag-fondo","tag-inundaciones","tag-maria-jose-gentile","tag-municipios","tag-nacion","tag-provincia"],"_links":{"self":[{"href":"https:\/\/partediario.com.ar\/index.php?rest_route=\/wp\/v2\/posts\/29543","targetHints":{"allow":["GET"]}}],"collection":[{"href":"https:\/\/partediario.com.ar\/index.php?rest_route=\/wp\/v2\/posts"}],"about":[{"href":"https:\/\/partediario.com.ar\/index.php?rest_route=\/wp\/v2\/types\/post"}],"author":[{"embeddable":true,"href":"https:\/\/partediario.com.ar\/index.php?rest_route=\/wp\/v2\/users\/2"}],"replies":[{"embeddable":true,"href":"https:\/\/partediario.com.ar\/index.php?rest_route=%2Fwp%2Fv2%2Fcomments&post=29543"}],"version-history":[{"count":1,"href":"https:\/\/partediario.com.ar\/index.php?rest_route=\/wp\/v2\/posts\/29543\/revisions"}],"predecessor-version":[{"id":29545,"href":"https:\/\/partediario.com.ar\/index.php?rest_route=\/wp\/v2\/posts\/29543\/revisions\/29545"}],"wp:featuredmedia":[{"embeddable":true,"href":"https:\/\/partediario.com.ar\/index.php?rest_route=\/wp\/v2\/media\/29544"}],"wp:attachment":[{"href":"https:\/\/partediario.com.ar\/index.php?rest_route=%2Fwp%2Fv2%2Fmedia&parent=29543"}],"wp:term":[{"taxonomy":"category","embeddable":true,"href":"https:\/\/partediario.com.ar\/index.php?rest_route=%2Fwp%2Fv2%2Fcategories&post=29543"},{"taxonomy":"post_tag","embeddable":true,"href":"https:\/\/partediario.com.ar\/index.php?rest_route=%2Fwp%2Fv2%2Ftags&post=29543"}],"curies":[{"name":"wp","href":"https:\/\/api.w.org\/{rel}","templated":true}]}}