{"id":2956,"date":"2024-06-20T12:56:18","date_gmt":"2024-06-20T15:56:18","guid":{"rendered":"https:\/\/partediario.com.ar\/?p=2956"},"modified":"2024-06-20T12:56:23","modified_gmt":"2024-06-20T15:56:23","slug":"frigerio-encabezo-el-acto-por-el-dia-de-la-bandera-de-entre-rios","status":"publish","type":"post","link":"https:\/\/partediario.com.ar\/?p=2956","title":{"rendered":"Frigerio encabez\u00f3 el acto por el D\u00eda de la Bandera de Entre R\u00edos"},"content":{"rendered":"\n<p><strong>\u00abTenemos una bandera que nos distingue y nos identifica\u00bb, dijo el gobernador Rogelio Frigerio al referirse a la insignia provincial, en el acto que tuvo lugar este mi\u00e9rcoles en Plaza Mansilla.<\/strong><\/p>\n\n\n\n<p>Luego de los acordes del Himno nacional y de la Marcha de Entre R\u00edos, ejecutados por la Banda Municipal de Bovril, el gobernador sostuvo que \u00abla bandera es algo que nos distingue de los dem\u00e1s, que nos identifica frente al resto de las provincias y tambi\u00e9n de los pa\u00edses de la tierra\u00bb.<\/p>\n\n\n\n<p>Dicho esto, se refiri\u00f3 a ciertos detalles de la bandera de Entre R\u00edos.\u00bbNuestra bandera tiene algunas caracter\u00edsticas particulares. Tiene los colores de la ense\u00f1a patria y est\u00e1 cruzada por una franja roja que simboliza la sangre derramada precisamente en la lucha por los ideales de la provincia\u00bb.<\/p>\n\n\n\n<p><\/p>\n\n\n\n<figure class=\"wp-block-image size-large\"><img loading=\"lazy\" decoding=\"async\" width=\"1024\" height=\"683\" src=\"https:\/\/partediario.com.ar\/wp-content\/uploads\/foto-4-1024x683.jpg\" alt=\"\" class=\"wp-image-2957\" srcset=\"https:\/\/partediario.com.ar\/wp-content\/uploads\/foto-4-1024x683.jpg 1024w, https:\/\/partediario.com.ar\/wp-content\/uploads\/foto-4-300x200.jpg 300w, https:\/\/partediario.com.ar\/wp-content\/uploads\/foto-4-768x512.jpg 768w, https:\/\/partediario.com.ar\/wp-content\/uploads\/foto-4-1536x1024.jpg 1536w, https:\/\/partediario.com.ar\/wp-content\/uploads\/foto-4.jpg 1920w\" sizes=\"auto, (max-width: 1024px) 100vw, 1024px\" \/><\/figure>\n\n\n\n<p><\/p>\n\n\n\n<p>Agreg\u00f3 luego Frigerio que \u00abes una bandera adem\u00e1s que comparte los colores de la ense\u00f1a patria que nos hermana a\u00fan m\u00e1s con el pa\u00eds vecino, con Uruguay, porque esta misma bandera est\u00e1 enarbolada en los edificios p\u00fablicos de ese pa\u00eds hermano. Compartimos los colores de la ense\u00f1a patria, pero tenemos particularidades en nuestra bandera que tienen que ver precisamente con ser la cuna del federalismo en la Argentina, con ser la cuna de la organizaci\u00f3n nacional y con ser la cuna tambi\u00e9n de la educaci\u00f3n. Tenemos la primera escuela normal y laica en nuestro pa\u00eds\u00bb, puntualiz\u00f3.<\/p>\n\n\n\n<p>En ese marco, el mandatario se\u00f1al\u00f3 que \u00abson las particularidades que hacen a nuestra esencia y que nos enorgullece todos los d\u00edas\u00bb y record\u00f3 que hace unos dos siglos, Pancho Ram\u00edrez en su \u00faltima arenga a sus soldados entrerrianos, les plante\u00f3 que estaban \u00abenarbolando la bandera de la patria, que era la bandera de Entre R\u00edos, para proclamarle al mundo la grandeza de los entrerrianos. Hoy, casi 200 a\u00f1os despu\u00e9s, tenemos esa misma responsabilidad. Mostrarle al mundo de lo que somos capaces los entrerrianos. Esa es mi responsabilidad. Esa es nuestra responsabilidad y estoy seguro que lo vamos a lograr\u00bb, concluy\u00f3.<\/p>\n\n\n\n<p>Tras saludar a las autoridades y presentes, Frigerio anunci\u00f3 que se empezar\u00e1 a implementar la participaci\u00f3n de bandas de diversos puntos de la provincia \u00abpara ser tambi\u00e9n federales dentro de la provincia\u00bb<\/p>\n\n\n\n<p>Acompa\u00f1aron al gobernador en el acto la vicegobernadora Alicia Aluani, el presidente de la C\u00e1mara de Diputados, Gustavo Hein, y la intendenta de Paran\u00e1, Rosario Romero, as\u00ed como otros intendentes y legisladores. Participaron adem\u00e1s abanderados de distintas escuelas de la ciudad de Paran\u00e1 y funcionarios de los distintos poderes del estado provincial.<\/p>\n\n\n\n<p><\/p>\n\n\n\n<figure class=\"wp-block-image size-large\"><img loading=\"lazy\" decoding=\"async\" width=\"1024\" height=\"683\" src=\"https:\/\/partediario.com.ar\/wp-content\/uploads\/bandera-2-1024x683.jpg\" alt=\"\" class=\"wp-image-2958\" srcset=\"https:\/\/partediario.com.ar\/wp-content\/uploads\/bandera-2-1024x683.jpg 1024w, https:\/\/partediario.com.ar\/wp-content\/uploads\/bandera-2-300x200.jpg 300w, https:\/\/partediario.com.ar\/wp-content\/uploads\/bandera-2-768x512.jpg 768w, https:\/\/partediario.com.ar\/wp-content\/uploads\/bandera-2-1536x1024.jpg 1536w, https:\/\/partediario.com.ar\/wp-content\/uploads\/bandera-2-2048x1365.jpg 2048w\" sizes=\"auto, (max-width: 1024px) 100vw, 1024px\" \/><\/figure>\n\n\n\n<p><\/p>\n\n\n\n<p><strong>Los oradores<\/strong><\/p>\n\n\n\n<p>Al hacer uso de la palabra, la intendenta de Paran\u00e1, Rosario Romero, se refiri\u00f3 a la educaci\u00f3n, la lucha y el trabajo, mencionados en la Marcha de Entre R\u00edos, \u00abtodos valores vigentes, que se asocian con esta bandera que hoy celebramos\u00bb. Destac\u00f3 a Artigas y Ram\u00edrez como precursores del federalismo \u00abque las y los entrerrianos tenemos inscripto en nuestra memoria\u00bb, y que a\u00fan es un debate pendiente.<\/p>\n\n\n\n<p>Por su parte, el secretario de Cultura, Fabi\u00e1n Reato, expres\u00f3: \u00abQue exista una bandera que nos identifique como entrerrianos, proclama al resto del pa\u00eds y al mundo nuestro orgullo e identidad\u00bb.<\/p>\n\n\n\n<p>\u00abEntre R\u00edos ha estado presente liderando los procesos de institucionalizaci\u00f3n del pa\u00eds, siempre enarbolando las ideas del federalismo como gu\u00eda y principio rector de la organizaci\u00f3n nacional\u00bb, subray\u00f3 el funcionario, quien finalmente afirm\u00f3: \u00abTenemos una bandera provincial que resume el sentido de nacionalidad y tambi\u00e9n de federalismo\u00bb, y que \u00abnos desaf\u00eda a ponernos de pie, a liderar procesos de integraci\u00f3n y desarrollo\u00bb.<\/p>\n\n\n\n<p><\/p>\n\n\n\n<figure class=\"wp-block-embed is-type-video is-provider-youtube wp-block-embed-youtube wp-embed-aspect-16-9 wp-has-aspect-ratio\"><div class=\"wp-block-embed__wrapper\">\n<iframe loading=\"lazy\" title=\"El gobernador encabez\u00f3 el acto por el D\u00eda de la Bandera de Entre R\u00edos\" width=\"640\" height=\"360\" src=\"https:\/\/www.youtube.com\/embed\/hFHJk-ds25o?feature=oembed\" frameborder=\"0\" allow=\"accelerometer; autoplay; clipboard-write; encrypted-media; gyroscope; picture-in-picture; web-share\" referrerpolicy=\"strict-origin-when-cross-origin\" allowfullscreen><\/iframe>\n<\/div><\/figure>\n","protected":false},"excerpt":{"rendered":"<p>&laquo;Tenemos una bandera que nos distingue y nos identifica&raquo;, dijo el gobernador Rogelio Frigerio al referirse a la insignia provincial, en el acto que tuvo lugar este mi&eacute;rcoles en Plaza Mansilla. Luego de los acordes del Himno nacional y de la Marcha de Entre R&iacute;os, ejecutados por la Banda Municipal de Bovril, el gobernador sostuvo [&hellip;]<\/p>\n","protected":false},"author":2,"featured_media":2959,"comment_status":"open","ping_status":"open","sticky":false,"template":"","format":"standard","meta":{"footnotes":""},"categories":[6,8],"tags":[709,707,257,710,245,242],"class_list":["post-2956","post","type-post","status-publish","format-standard","has-post-thumbnail","hentry","category-locales","category-provinciales","tag-acto","tag-dia-de-la-bandera","tag-entre-rios","tag-fabian-reato","tag-rogelio-frigerio","tag-rosario-romero"],"_links":{"self":[{"href":"https:\/\/partediario.com.ar\/index.php?rest_route=\/wp\/v2\/posts\/2956","targetHints":{"allow":["GET"]}}],"collection":[{"href":"https:\/\/partediario.com.ar\/index.php?rest_route=\/wp\/v2\/posts"}],"about":[{"href":"https:\/\/partediario.com.ar\/index.php?rest_route=\/wp\/v2\/types\/post"}],"author":[{"embeddable":true,"href":"https:\/\/partediario.com.ar\/index.php?rest_route=\/wp\/v2\/users\/2"}],"replies":[{"embeddable":true,"href":"https:\/\/partediario.com.ar\/index.php?rest_route=%2Fwp%2Fv2%2Fcomments&post=2956"}],"version-history":[{"count":1,"href":"https:\/\/partediario.com.ar\/index.php?rest_route=\/wp\/v2\/posts\/2956\/revisions"}],"predecessor-version":[{"id":2960,"href":"https:\/\/partediario.com.ar\/index.php?rest_route=\/wp\/v2\/posts\/2956\/revisions\/2960"}],"wp:featuredmedia":[{"embeddable":true,"href":"https:\/\/partediario.com.ar\/index.php?rest_route=\/wp\/v2\/media\/2959"}],"wp:attachment":[{"href":"https:\/\/partediario.com.ar\/index.php?rest_route=%2Fwp%2Fv2%2Fmedia&parent=2956"}],"wp:term":[{"taxonomy":"category","embeddable":true,"href":"https:\/\/partediario.com.ar\/index.php?rest_route=%2Fwp%2Fv2%2Fcategories&post=2956"},{"taxonomy":"post_tag","embeddable":true,"href":"https:\/\/partediario.com.ar\/index.php?rest_route=%2Fwp%2Fv2%2Ftags&post=2956"}],"curies":[{"name":"wp","href":"https:\/\/api.w.org\/{rel}","templated":true}]}}