{"id":29561,"date":"2025-11-10T17:39:41","date_gmt":"2025-11-10T20:39:41","guid":{"rendered":"https:\/\/partediario.com.ar\/?p=29561"},"modified":"2025-11-11T18:42:36","modified_gmt":"2025-11-11T21:42:36","slug":"luis-caputo-recibe-este-martes-a-jorge-macri","status":"publish","type":"post","link":"https:\/\/partediario.com.ar\/?p=29561","title":{"rendered":"Luis Caputo recibe este martes a Jorge Macri"},"content":{"rendered":"\n<h2 class=\"wp-block-heading\">El ministro de Econom\u00eda, Luis Caputo, recibe este martes al jefe de Gobierno porte\u00f1o, Jorge Macri, tras los reclamos por los fondos que le adeuda la Naci\u00f3n a la Ciudad de Buenos Aires en materia de coparticipaci\u00f3n.<\/h2>\n\n\n\n<p>La reuni\u00f3n se llevar\u00e1 adelante a las 10 en el Palacio de Hacienda e incluir\u00e1 la asistencia del secretario de Hacienda, Carlos Guberman. El temario est\u00e1 compuesto por el pedido del referente del PRO de incluir la deuda en el Presupuesto 2026. \u201cComo toda obligaci\u00f3n de pagar, el acuerdo tiene que estar en el Presupuesto\u201d, adelant\u00f3 Jorge Macri en declaraciones televisivas.<\/p>\n\n\n\n<p>Lo cierto es que el entendimiento implica un goteo autom\u00e1tico del 1,40% de los fondos, que se realiza a diario, y un 1,55% que se efect\u00faa v\u00eda transferencias semanales. Es este \u00faltimo punto es lo que la Ciudad detecta como incumplimiento y propone que los incorporen en la previsi\u00f3n de ingresos y gastos del 2026.<\/p>\n\n\n\n<p>Si bien los diputados del PRO firmaron el dictamen del oficialismo sobre el Presupuesto, marcaron sus diferencias al respecto. En la sede ubicada en Uspallata esperanza el desembarco de Diego Santilli en el Ministerio del Interior, al que consideran uno de los propios.<\/p>\n\n\n\n<p>\u201cEl Colo\u201d, que por estas horas no est\u00e1 previsto que participe del intercambio en el Ministerio de Econom\u00eda, deber\u00e1 enfrentar su primer gran desaf\u00edo y atender el pedido de quienes fueron sus compa\u00f1eros de banca hasta el viernes pasado.<\/p>\n\n\n\n<p>Seg\u00fan se supo, el flamante funcionario no tiene en agenda el encuentro que busca destrabar los primeros enredos de la puja entre la Naci\u00f3n y la Ciudad de Buenos Aires por los fondos.<\/p>\n\n\n\n<p>Sobre este tema, Jorge Macri detect\u00f3 demoras en los pagos semanales, aunque evit\u00f3 una confrontaci\u00f3n directa tras haber recuperado el v\u00ednculo con el presidente Javier Milei, quien en ocasi\u00f3n del Te Deum del 25 de mayo le neg\u00f3 el saludo en la Catedral Metropolitana de Buenos Aires.<\/p>\n\n\n\n<p>\u201cEntiendo que los \u00faltimos meses han sido dif\u00edciles para el gobierno nacional, as\u00ed que un atraso es aceptable, pero son n\u00fameros muy grandes. Espero que podamos encontrar destrabarlos r\u00e1pidamente\u201d, se\u00f1al\u00f3, pero alert\u00f3: \u201cPorque para m\u00ed, cumplir o incumplir un fallo de la Corte no es un dato menor\u201d.<\/p>\n","protected":false},"excerpt":{"rendered":"<p>El ministro de Econom&iacute;a, Luis Caputo, recibe este martes al jefe de Gobierno porte&ntilde;o, Jorge Macri, tras los reclamos por los fondos que le adeuda la Naci&oacute;n a la Ciudad de Buenos Aires en materia de coparticipaci&oacute;n. La reuni&oacute;n se llevar&aacute; adelante a las 10 en el Palacio de Hacienda e incluir&aacute; la asistencia del [&hellip;]<\/p>\n","protected":false},"author":2,"featured_media":29562,"comment_status":"closed","ping_status":"closed","sticky":false,"template":"","format":"standard","meta":{"footnotes":""},"categories":[5,176],"tags":[1457,1114,792],"class_list":["post-29561","post","type-post","status-publish","format-standard","has-post-thumbnail","hentry","category-nacionales","category-politica","tag-coparticipacion","tag-jorge-macri","tag-luis-caputo"],"_links":{"self":[{"href":"https:\/\/partediario.com.ar\/index.php?rest_route=\/wp\/v2\/posts\/29561","targetHints":{"allow":["GET"]}}],"collection":[{"href":"https:\/\/partediario.com.ar\/index.php?rest_route=\/wp\/v2\/posts"}],"about":[{"href":"https:\/\/partediario.com.ar\/index.php?rest_route=\/wp\/v2\/types\/post"}],"author":[{"embeddable":true,"href":"https:\/\/partediario.com.ar\/index.php?rest_route=\/wp\/v2\/users\/2"}],"replies":[{"embeddable":true,"href":"https:\/\/partediario.com.ar\/index.php?rest_route=%2Fwp%2Fv2%2Fcomments&post=29561"}],"version-history":[{"count":1,"href":"https:\/\/partediario.com.ar\/index.php?rest_route=\/wp\/v2\/posts\/29561\/revisions"}],"predecessor-version":[{"id":29563,"href":"https:\/\/partediario.com.ar\/index.php?rest_route=\/wp\/v2\/posts\/29561\/revisions\/29563"}],"wp:featuredmedia":[{"embeddable":true,"href":"https:\/\/partediario.com.ar\/index.php?rest_route=\/wp\/v2\/media\/29562"}],"wp:attachment":[{"href":"https:\/\/partediario.com.ar\/index.php?rest_route=%2Fwp%2Fv2%2Fmedia&parent=29561"}],"wp:term":[{"taxonomy":"category","embeddable":true,"href":"https:\/\/partediario.com.ar\/index.php?rest_route=%2Fwp%2Fv2%2Fcategories&post=29561"},{"taxonomy":"post_tag","embeddable":true,"href":"https:\/\/partediario.com.ar\/index.php?rest_route=%2Fwp%2Fv2%2Ftags&post=29561"}],"curies":[{"name":"wp","href":"https:\/\/api.w.org\/{rel}","templated":true}]}}