{"id":29564,"date":"2025-11-10T17:44:05","date_gmt":"2025-11-10T20:44:05","guid":{"rendered":"https:\/\/partediario.com.ar\/?p=29564"},"modified":"2025-11-11T18:42:33","modified_gmt":"2025-11-11T21:42:33","slug":"el-paro-de-controladores-aereos-se-podria-extender-a-vuelos-de-pasajeros","status":"publish","type":"post","link":"https:\/\/partediario.com.ar\/?p=29564","title":{"rendered":"El paro de controladores a\u00e9reos se podr\u00eda extender a vuelos de pasajeros"},"content":{"rendered":"\n<h2 class=\"wp-block-heading\">El conflicto entre la Asociaci\u00f3n T\u00e9cnicos y Empleados de Protecci\u00f3n y Seguridad a la Aeronavegaci\u00f3n (ATEPSA) y la Empresa Argentina de Navegaci\u00f3n A\u00e9rea (EANA), escala con un cronograma de medidas de fuerza que, si bien por el momento apuntan a la aviaci\u00f3n de carga, mantienen en vilo al sector log\u00edstico y no descartan un incremento que afecte a los vuelos comerciales de pasajeros de cara al pr\u00f3ximo fin de semana largo.<\/h2>\n\n\n\n<p>Dentro del calendario de paros escalonados anunciados por ATEPSA para el mes, los d\u00edas 21 y 24 de noviembre se presentan como jornadas de potencial afectaci\u00f3n a la actividad aerocomercial.<\/p>\n\n\n\n<p>Las medidas de fuerza se realizan en franjas horarias espec\u00edficas, principalmente durante la noche (entre las 22:00 y las 06:00), e impactan directamente sobre el transporte de carga. En este lapso, el gremio ha instruido la no autorizaci\u00f3n de despegues de aeronaves destinadas exclusivamente a esta actividad ni la recepci\u00f3n de sus planes de vuelo.<\/p>\n\n\n\n<p>El sindicato, que nuclea a m\u00e1s de mil trabajadores esenciales para la seguridad a\u00e9rea, reclama el incumplimiento de acuerdos laborales y paritarios firmados por la EANA, entidad dependiente del Estado Nacional.<\/p>\n\n\n\n<p><strong>El impacto en la cadena log\u00edstica<\/strong><\/p>\n\n\n\n<p>La interrupci\u00f3n de las operaciones de carga en horario nocturno ya est\u00e1 generando demoras y complicaciones en la cadena log\u00edstica y comercial del pa\u00eds. Productos de alto valor o perecederos que dependen de la celeridad del transporte a\u00e9reo se ven afectados, lo que puede tener un efecto domin\u00f3 en los plazos de importaci\u00f3n y exportaci\u00f3n.<\/p>\n\n\n\n<p>De acuerdo a comunicado difundido por el gremio, a pesar de que las medidas buscan \u00abevitar afectar las operaciones de pasajeros\u00bb, la \u00abfalta de gesti\u00f3n\u00bb de EANA \u00abagrava la situaci\u00f3n\u00bb y profundiza el conflicto colectivo.<\/p>\n\n\n\n<p>La tensi\u00f3n podr\u00eda escalar, ma\u00f1ana se llevar\u00e1 a cabo un plenario nacional de delegados de ATEPSA. En esta instancia, los controladores determinar\u00e1n si profundizan el plan de lucha ante la falta de respuestas de la empresa.<\/p>\n\n\n\n<p>El sindicato ha advertido que, si EANA no cumple con los compromisos asumidos y no convoca al di\u00e1logo, se ver\u00e1n obligados a incrementar las \u00abmedidas leg\u00edtimas de acci\u00f3n sindical\u00bb. Esto podr\u00eda implicar una ampliaci\u00f3n de los horarios de paro o la extensi\u00f3n de las restricciones a los vuelos comerciales de pasajeros, un escenario que las aerol\u00edneas y los viajeros esperan evitar, m\u00e1s aun en la v\u00edspera del fin de semana largo.<\/p>\n","protected":false},"excerpt":{"rendered":"<p>El conflicto entre la Asociaci&oacute;n T&eacute;cnicos y Empleados de Protecci&oacute;n y Seguridad a la Aeronavegaci&oacute;n (ATEPSA) y la Empresa Argentina de Navegaci&oacute;n A&eacute;rea (EANA), escala con un cronograma de medidas de fuerza que, si bien por el momento apuntan a la aviaci&oacute;n de carga, mantienen en vilo al sector log&iacute;stico y no descartan un incremento [&hellip;]<\/p>\n","protected":false},"author":2,"featured_media":29565,"comment_status":"closed","ping_status":"closed","sticky":false,"template":"","format":"standard","meta":{"footnotes":""},"categories":[978,5,176],"tags":[4201,4199,6310,691],"class_list":["post-29564","post","type-post","status-publish","format-standard","has-post-thumbnail","hentry","category-gremiales","category-nacionales","category-politica","tag-atepsa","tag-controladores","tag-eana","tag-paro"],"_links":{"self":[{"href":"https:\/\/partediario.com.ar\/index.php?rest_route=\/wp\/v2\/posts\/29564","targetHints":{"allow":["GET"]}}],"collection":[{"href":"https:\/\/partediario.com.ar\/index.php?rest_route=\/wp\/v2\/posts"}],"about":[{"href":"https:\/\/partediario.com.ar\/index.php?rest_route=\/wp\/v2\/types\/post"}],"author":[{"embeddable":true,"href":"https:\/\/partediario.com.ar\/index.php?rest_route=\/wp\/v2\/users\/2"}],"replies":[{"embeddable":true,"href":"https:\/\/partediario.com.ar\/index.php?rest_route=%2Fwp%2Fv2%2Fcomments&post=29564"}],"version-history":[{"count":1,"href":"https:\/\/partediario.com.ar\/index.php?rest_route=\/wp\/v2\/posts\/29564\/revisions"}],"predecessor-version":[{"id":29566,"href":"https:\/\/partediario.com.ar\/index.php?rest_route=\/wp\/v2\/posts\/29564\/revisions\/29566"}],"wp:featuredmedia":[{"embeddable":true,"href":"https:\/\/partediario.com.ar\/index.php?rest_route=\/wp\/v2\/media\/29565"}],"wp:attachment":[{"href":"https:\/\/partediario.com.ar\/index.php?rest_route=%2Fwp%2Fv2%2Fmedia&parent=29564"}],"wp:term":[{"taxonomy":"category","embeddable":true,"href":"https:\/\/partediario.com.ar\/index.php?rest_route=%2Fwp%2Fv2%2Fcategories&post=29564"},{"taxonomy":"post_tag","embeddable":true,"href":"https:\/\/partediario.com.ar\/index.php?rest_route=%2Fwp%2Fv2%2Ftags&post=29564"}],"curies":[{"name":"wp","href":"https:\/\/api.w.org\/{rel}","templated":true}]}}