{"id":29571,"date":"2025-11-10T17:54:13","date_gmt":"2025-11-10T20:54:13","guid":{"rendered":"https:\/\/partediario.com.ar\/?p=29571"},"modified":"2025-11-11T18:42:26","modified_gmt":"2025-11-11T21:42:26","slug":"paises-bajos-demandan-a-bmw-por-presunta-manipulacion-de-emisiones-de-diesel","status":"publish","type":"post","link":"https:\/\/partediario.com.ar\/?p=29571","title":{"rendered":"Pa\u00edses Bajos: demandan a BMW por presunta manipulaci\u00f3n de emisiones de di\u00e9sel"},"content":{"rendered":"\n<h2 class=\"wp-block-heading\">El fabricante de autom\u00f3viles alemanes BMW, fue demandado por la asociaci\u00f3n neerlandesa de consumidores y la Fundaci\u00f3n Reclamo de Autom\u00f3viles para utilizar software para que sus autos di\u00e9sel parezcan m\u00e1s amigables con el medio ambiente de lo que realmente son, inform\u00f3 la portavoz de Consumentenbond, Joyce Donat.<\/h2>\n\n\n\n<p>Diversas investigaciones llevadas adelante por organizaciones en Pa\u00edses Bajos, as\u00ed como en Alemania, Francia y Reino Unido, revelaron que esos veh\u00edculos di\u00e9sel fueron equipados con dispositivos que reducen artificialmente las emisiones de \u00f3xido de nitr\u00f3geno durante las pruebas de niveles oficiales. Sin embargo, en condiciones de conducci\u00f3n normal, esos veh\u00edculos emiten niveles de contaminantes significativamente superiores.<\/p>\n\n\n\n<p>Cerca de 100.000 autos di\u00e9sel de BMW vendidos en Pa\u00edses Bajos entre el 1 de enero de 2009 al 1 de septiembre de 2019, fueron afectados.<\/p>\n\n\n\n<p>\u00abQueremos que BMW indemnice a los consumidores que enga\u00f1aron\u00bb, expres\u00f3 Sandra Molenaar, directora de la asociaci\u00f3n de consumidores.<\/p>\n\n\n\n<p>La Fundaci\u00f3n Reclamo de Autom\u00f3viles de Pa\u00edses Bajos, una organizaci\u00f3n sin fines de lucro, ha pedido un BMW que retire los veh\u00edculos afectados y los haga cumplir con los est\u00e1ndares de emisiones en condiciones de conducci\u00f3n en el mundo real.<\/p>\n","protected":false},"excerpt":{"rendered":"<p>El fabricante de autom&oacute;viles alemanes BMW, fue demandado por la asociaci&oacute;n neerlandesa de consumidores y la Fundaci&oacute;n Reclamo de Autom&oacute;viles para utilizar software para que sus autos di&eacute;sel parezcan m&aacute;s amigables con el medio ambiente de lo que realmente son, inform&oacute; la portavoz de Consumentenbond, Joyce Donat. Diversas investigaciones llevadas adelante por organizaciones en Pa&iacute;ses [&hellip;]<\/p>\n","protected":false},"author":2,"featured_media":29572,"comment_status":"closed","ping_status":"closed","sticky":false,"template":"","format":"standard","meta":{"footnotes":""},"categories":[9,726],"tags":[7126,1544,7127,1588],"class_list":["post-29571","post","type-post","status-publish","format-standard","has-post-thumbnail","hentry","category-internacionales","category-sociedad","tag-bmw","tag-demanda","tag-fundacion-reclamo-de-automoviles","tag-paises-bajos"],"_links":{"self":[{"href":"https:\/\/partediario.com.ar\/index.php?rest_route=\/wp\/v2\/posts\/29571","targetHints":{"allow":["GET"]}}],"collection":[{"href":"https:\/\/partediario.com.ar\/index.php?rest_route=\/wp\/v2\/posts"}],"about":[{"href":"https:\/\/partediario.com.ar\/index.php?rest_route=\/wp\/v2\/types\/post"}],"author":[{"embeddable":true,"href":"https:\/\/partediario.com.ar\/index.php?rest_route=\/wp\/v2\/users\/2"}],"replies":[{"embeddable":true,"href":"https:\/\/partediario.com.ar\/index.php?rest_route=%2Fwp%2Fv2%2Fcomments&post=29571"}],"version-history":[{"count":1,"href":"https:\/\/partediario.com.ar\/index.php?rest_route=\/wp\/v2\/posts\/29571\/revisions"}],"predecessor-version":[{"id":29573,"href":"https:\/\/partediario.com.ar\/index.php?rest_route=\/wp\/v2\/posts\/29571\/revisions\/29573"}],"wp:featuredmedia":[{"embeddable":true,"href":"https:\/\/partediario.com.ar\/index.php?rest_route=\/wp\/v2\/media\/29572"}],"wp:attachment":[{"href":"https:\/\/partediario.com.ar\/index.php?rest_route=%2Fwp%2Fv2%2Fmedia&parent=29571"}],"wp:term":[{"taxonomy":"category","embeddable":true,"href":"https:\/\/partediario.com.ar\/index.php?rest_route=%2Fwp%2Fv2%2Fcategories&post=29571"},{"taxonomy":"post_tag","embeddable":true,"href":"https:\/\/partediario.com.ar\/index.php?rest_route=%2Fwp%2Fv2%2Ftags&post=29571"}],"curies":[{"name":"wp","href":"https:\/\/api.w.org\/{rel}","templated":true}]}}