{"id":29574,"date":"2025-11-11T18:16:39","date_gmt":"2025-11-11T21:16:39","guid":{"rendered":"https:\/\/partediario.com.ar\/?p=29574"},"modified":"2025-11-12T19:09:15","modified_gmt":"2025-11-12T22:09:15","slug":"la-justicia-federal-investigara-el-caso-del-triple-crimen-con-sello-narco-sucedido-en-florencio-varela","status":"publish","type":"post","link":"https:\/\/partediario.com.ar\/?p=29574","title":{"rendered":"La Justicia Federal investigar\u00e1 el caso del triple crimen con sello narco sucedido en Florencio Varela"},"content":{"rendered":"\n<h2 class=\"wp-block-heading\">El Juzgado Federal en lo Criminal y Correccional del Departamento Judicial de Mor\u00f3n acept\u00f3 el caso que investiga los cr\u00edmenes de Morena Verdi (20 a\u00f1os), Brenda Loreley Del Castillo (20) y Lara Guti\u00e9rrez (15) en el partido bonaerense de Florencio Varela.<\/h2>\n\n\n\n<p>El fiscal Adri\u00e1n Arribas confirm\u00f3 que finalmente la causa fue derivada del fuero ordinario al federal.<\/p>\n\n\n\n<p>Miguel \u00c1ngel Villanueva Silva (25 a\u00f1os), Iara Daniela Ibarra (19), Maximiliano Andr\u00e9s Parra (18), Celeste Magal\u00ed Gonz\u00e1lez Guerrero (28), Milagros Florencia Ib\u00e1\u00f1ez (20), Mat\u00edas Agust\u00edn Ozorio (28), Ariel Gim\u00e9nez (29) y L\u00e1zaro V\u00edctor Sotacuro, est\u00e1n detenidos con prisi\u00f3n preventiva por los asesinatos, mientras que Tony Janzen Valverde Victoriano, m\u00e1s conocido como \u201cPeque\u00f1o J\u201d, contin\u00faa preso en Per\u00fa.<\/p>\n\n\n\n<p>Joseph Freyser Cubas Zavaleta, alias \u201cSe\u00f1or Jota\u201d est\u00e1 imputado por los delitos de \u201cprivaci\u00f3n ilegal de la libertad activa agravada por la pluralidad de intervinientes y por ser una de las v\u00edctimas menor de edad en concurso real con homicidio agravado por ser premeditado de dos o m\u00e1s personas, por ser cometido con alevos\u00eda y ensa\u00f1amiento y por violencia de un hombre hacia una mujer, y cr\u00edminis causa\u201d.<\/p>\n\n\n\n<p>M\u00f3nica Mujica -mujer de Sotacuro- tambi\u00e9n est\u00e1 arrestada, mientras tanto persiste la b\u00fasqueda de Alex Ydone Castillo, David Gustavo Huamani (alias \u201cEl Loco\u201d David) y Manuel Valverde Rodr\u00edguez (todos tienen circulares rojas de Interpol).<\/p>\n","protected":false},"excerpt":{"rendered":"<p>El Juzgado Federal en lo Criminal y Correccional del Departamento Judicial de Mor&oacute;n acept&oacute; el caso que investiga los cr&iacute;menes de Morena Verdi (20 a&ntilde;os), Brenda Loreley Del Castillo (20) y Lara Guti&eacute;rrez (15) en el partido bonaerense de Florencio Varela. El fiscal Adri&aacute;n Arribas confirm&oacute; que finalmente la causa fue derivada del fuero ordinario [&hellip;]<\/p>\n","protected":false},"author":2,"featured_media":29575,"comment_status":"closed","ping_status":"closed","sticky":false,"template":"","format":"standard","meta":{"footnotes":""},"categories":[979,5,7],"tags":[5296,1222,5177,772,7128],"class_list":["post-29574","post","type-post","status-publish","format-standard","has-post-thumbnail","hentry","category-judiciales","category-nacionales","category-policiales","tag-crimen","tag-federal","tag-florencio-varela","tag-justicia","tag-triple"],"_links":{"self":[{"href":"https:\/\/partediario.com.ar\/index.php?rest_route=\/wp\/v2\/posts\/29574","targetHints":{"allow":["GET"]}}],"collection":[{"href":"https:\/\/partediario.com.ar\/index.php?rest_route=\/wp\/v2\/posts"}],"about":[{"href":"https:\/\/partediario.com.ar\/index.php?rest_route=\/wp\/v2\/types\/post"}],"author":[{"embeddable":true,"href":"https:\/\/partediario.com.ar\/index.php?rest_route=\/wp\/v2\/users\/2"}],"replies":[{"embeddable":true,"href":"https:\/\/partediario.com.ar\/index.php?rest_route=%2Fwp%2Fv2%2Fcomments&post=29574"}],"version-history":[{"count":1,"href":"https:\/\/partediario.com.ar\/index.php?rest_route=\/wp\/v2\/posts\/29574\/revisions"}],"predecessor-version":[{"id":29576,"href":"https:\/\/partediario.com.ar\/index.php?rest_route=\/wp\/v2\/posts\/29574\/revisions\/29576"}],"wp:featuredmedia":[{"embeddable":true,"href":"https:\/\/partediario.com.ar\/index.php?rest_route=\/wp\/v2\/media\/29575"}],"wp:attachment":[{"href":"https:\/\/partediario.com.ar\/index.php?rest_route=%2Fwp%2Fv2%2Fmedia&parent=29574"}],"wp:term":[{"taxonomy":"category","embeddable":true,"href":"https:\/\/partediario.com.ar\/index.php?rest_route=%2Fwp%2Fv2%2Fcategories&post=29574"},{"taxonomy":"post_tag","embeddable":true,"href":"https:\/\/partediario.com.ar\/index.php?rest_route=%2Fwp%2Fv2%2Ftags&post=29574"}],"curies":[{"name":"wp","href":"https:\/\/api.w.org\/{rel}","templated":true}]}}