{"id":29577,"date":"2025-11-11T18:28:26","date_gmt":"2025-11-11T21:28:26","guid":{"rendered":"https:\/\/partediario.com.ar\/?p=29577"},"modified":"2025-11-12T19:09:11","modified_gmt":"2025-11-12T22:09:11","slug":"santilli-juro-su-cargo-como-ministro-del-interior-e-inicia-su-visita-por-las-provincias","status":"publish","type":"post","link":"https:\/\/partediario.com.ar\/?p=29577","title":{"rendered":"Santilli jur\u00f3 su cargo como ministro del Interior e inicia su visita por las provincias"},"content":{"rendered":"\n<h2 class=\"wp-block-heading\">El ex diputado del PRO Diego Santilli jur\u00f3 su cargo como ministro del Interior, ratific\u00f3 que su prioridad ser\u00e1 conseguir \u00ablas reformas estructurales\u00bb que plantea el presidente Javier Milei e iniciar\u00e1 ma\u00f1ana una gira por las provincias para mantener reuniones con gobernadores aliados.<\/h2>\n\n\n\n<p>Santilli asumi\u00f3 el cargo en una ceremonia que se llev\u00f3 a cabo pasadas las 15 en el Sal\u00f3n Blanco de la Casa Rosada, donde jur\u00f3 por \u201cDios y por la patria\u201d ante el presidente.<\/p>\n\n\n\n<p>Participaron del acto familiares del \u00abColorado\u00bb, integrantes del Gabinete y el presidente de la C\u00e1mara de Diputados, Mart\u00edn Menem, y algunos referentes del PRO, como el diputado nacional Cristina Ritondo y el diputado provincial electo Guillermo Montenegro.<\/p>\n\n\n\n<p>Consultado sobre la ausencia de Mauricio Macri en la ceremonia, Santilli contest\u00f3: \u201cEs una invitaci\u00f3n chiquita, quisimos hacer algo austero, cortito, desde el d\u00eda de ayer a hoy, no me parece de buen gusto llamar a una persona de un d\u00eda para otro\u201d.<\/p>\n\n\n\n<p>\u00abVamos por las reformas que el pa\u00eds necesita, que los argentinos necesitan. Vengo a trabajar para obtener las reformas que busca el Presidente. Vengo a cumplir una tarea que el Presidente me ha encomendado y trabajar\u00e9 para eso que es avanzar con las reformas estructurales\u00bb, se\u00f1al\u00f3 a la prensa acreditada en la Rosada minutos despu\u00e9s de tomar posesi\u00f3n del cargo de manera formal.<\/p>\n\n\n\n<p>En rigor, Santilli ya viene cumpliendo su nuevo rol desde que Milei se lo comunicara en una reuni\u00f3n privada en la Quinta de Olivos hace dos semanas.<\/p>\n\n\n\n<p>En ese marco, la semana pasada, el ex diputado comenz\u00f3 en la Rosada una ronda de reuniones bilaterales con gobernadores, acompa\u00f1ado por el jefe de Gabinete, Manuel Adorni, y las continu\u00f3 el lunes \u00faltimo, mientras que este mi\u00e9rcoles iniciar\u00e1 una gira para seguir dialogando con mandatarios provinciales aliados.<\/p>\n\n\n\n<p>En su primera escala, eligi\u00f3 al entrerriano Rogelio Frigerio para dar el puntapi\u00e9 inicial y posteriormente se trasladar\u00e1 a Salta para hacer lo propio con Gustavo S\u00e1enz.<\/p>\n\n\n\n<p>De este modo, el titular de la cartera pol\u00edtica se reunir\u00e1 en los pr\u00f3ximos d\u00edas con \u00ab10 gobernadores de los 20 que estuvieron con el Presidente\u201d y que hab\u00eda firmado el Pacto de Mayo para consensuar las iniciativas que el Gobierno planea para la segunda parte del mandato, entre las que se encuentran las reformas laboral, tributaria y del C\u00f3digo Penal.<\/p>\n\n\n\n<p>Los gobernadores influyen sobre un n\u00famero de diputados y senadores nacionales que la gesti\u00f3n libertaria necesitar\u00e1 si o si, para poder aprobar los proyectos que garantices la puesta en marcha de esas reformas.<\/p>\n\n\n\n<p>Finalizando, Santilli minimiz\u00f3 la sidas y vueltas sobre el Renaper (Registro Nacional de las Personas), que se hab\u00eda decidido traspasarlo de la \u00f3rbita de Interior al Ministerio de Seguridad que comanda Patricia Bullrich, aunque luego se fren\u00f3 la iniciativa y al final quedar\u00e1 dentro de la cartera que ahora lidera Santilli.<\/p>\n\n\n\n<p>\u00abNo estoy ac\u00e1 por los cargos, vine a cumplir la tarea que me encomend\u00f3 el Presidente\u00bb, contest\u00f3.<\/p>\n","protected":false},"excerpt":{"rendered":"<p>El ex diputado del PRO Diego Santilli jur&oacute; su cargo como ministro del Interior, ratific&oacute; que su prioridad ser&aacute; conseguir &laquo;las reformas estructurales&raquo; que plantea el presidente Javier Milei e iniciar&aacute; ma&ntilde;ana una gira por las provincias para mantener reuniones con gobernadores aliados. Santilli asumi&oacute; el cargo en una ceremonia que se llev&oacute; a cabo [&hellip;]<\/p>\n","protected":false},"author":2,"featured_media":29578,"comment_status":"closed","ping_status":"closed","sticky":false,"template":"","format":"standard","meta":{"footnotes":""},"categories":[5,176],"tags":[5669,2188,232,7129,1483],"class_list":["post-29577","post","type-post","status-publish","format-standard","has-post-thumbnail","hentry","category-nacionales","category-politica","tag-diego-santilli","tag-interior","tag-javier-milei","tag-jura","tag-ministro"],"_links":{"self":[{"href":"https:\/\/partediario.com.ar\/index.php?rest_route=\/wp\/v2\/posts\/29577","targetHints":{"allow":["GET"]}}],"collection":[{"href":"https:\/\/partediario.com.ar\/index.php?rest_route=\/wp\/v2\/posts"}],"about":[{"href":"https:\/\/partediario.com.ar\/index.php?rest_route=\/wp\/v2\/types\/post"}],"author":[{"embeddable":true,"href":"https:\/\/partediario.com.ar\/index.php?rest_route=\/wp\/v2\/users\/2"}],"replies":[{"embeddable":true,"href":"https:\/\/partediario.com.ar\/index.php?rest_route=%2Fwp%2Fv2%2Fcomments&post=29577"}],"version-history":[{"count":1,"href":"https:\/\/partediario.com.ar\/index.php?rest_route=\/wp\/v2\/posts\/29577\/revisions"}],"predecessor-version":[{"id":29579,"href":"https:\/\/partediario.com.ar\/index.php?rest_route=\/wp\/v2\/posts\/29577\/revisions\/29579"}],"wp:featuredmedia":[{"embeddable":true,"href":"https:\/\/partediario.com.ar\/index.php?rest_route=\/wp\/v2\/media\/29578"}],"wp:attachment":[{"href":"https:\/\/partediario.com.ar\/index.php?rest_route=%2Fwp%2Fv2%2Fmedia&parent=29577"}],"wp:term":[{"taxonomy":"category","embeddable":true,"href":"https:\/\/partediario.com.ar\/index.php?rest_route=%2Fwp%2Fv2%2Fcategories&post=29577"},{"taxonomy":"post_tag","embeddable":true,"href":"https:\/\/partediario.com.ar\/index.php?rest_route=%2Fwp%2Fv2%2Ftags&post=29577"}],"curies":[{"name":"wp","href":"https:\/\/api.w.org\/{rel}","templated":true}]}}