{"id":29583,"date":"2025-11-11T18:35:32","date_gmt":"2025-11-11T21:35:32","guid":{"rendered":"https:\/\/partediario.com.ar\/?p=29583"},"modified":"2025-11-12T19:09:04","modified_gmt":"2025-11-12T22:09:04","slug":"adepa-repudio-un-nuevo-caso-de-censura-previa-ordenado-por-organos-judiciales","status":"publish","type":"post","link":"https:\/\/partediario.com.ar\/?p=29583","title":{"rendered":"ADEPA repudi\u00f3 un nuevo caso de censura previa ordenado por \u00f3rganos judiciales"},"content":{"rendered":"\n<h2 class=\"wp-block-heading\">La Asociaci\u00f3n de Entidades Period\u00edsticas Argentinas (ADEPA) manifest\u00f3 su en\u00e9rgico repudio por la decisi\u00f3n del Juzgado Penal del Centro Judicial Capital de Tucum\u00e1n, que ordena el cese inmediato de la difusi\u00f3n -por cualquier medio televisivo, radial, digital o en redes sociales- de contenidos que cuestionen o critiquen al Ministerio P\u00fablico Fiscal y a sus funcionarios.<\/h2>\n\n\n\n<p>\u00abADEPA ha sostenido de modo constante que ninguna autoridad estatal, sea judicial o administrativa, puede disponer la censura previa ni prohibir la difusi\u00f3n de informaci\u00f3n o de opiniones, en especial cuando se trata de expresiones referidas a funcionarios p\u00fablicos o a hechos de inter\u00e9s institucional\u00bb, se\u00f1al\u00f3 la asociaci\u00f3n.<\/p>\n\n\n\n<p>En un comunicado, precis\u00f3 que \u00abla Corte Interamericana de Derechos Humanos ha establecido con claridad que toda medida preventiva que limite la circulaci\u00f3n de informaci\u00f3n constituye una restricci\u00f3n ileg\u00edtima de la libertad de pensamiento y de expresi\u00f3n, con la \u00fanica excepci\u00f3n de la protecci\u00f3n de ni\u00f1os, ni\u00f1as y adolescentes\u00bb.<\/p>\n\n\n\n<p>\u00abEn un sistema democr\u00e1tico, los actos de comunicaci\u00f3n y cr\u00edtica sobre la actuaci\u00f3n de los poderes p\u00fablicos s\u00f3lo pueden dar lugar a responsabilidades ulteriores, pero nunca a prohibiciones preventivas de publicaci\u00f3n o difusi\u00f3n. Medidas de este tipo resultan contrarias al art\u00edculo 14 de la Constituci\u00f3n Nacional y lesionan el derecho de la ciudadan\u00eda a informarse y a debatir sobre asuntos de relevancia p\u00fablica\u00bb, destac\u00f3 ADEPA.<\/p>\n","protected":false},"excerpt":{"rendered":"<p>La Asociaci&oacute;n de Entidades Period&iacute;sticas Argentinas (ADEPA) manifest&oacute; su en&eacute;rgico repudio por la decisi&oacute;n del Juzgado Penal del Centro Judicial Capital de Tucum&aacute;n, que ordena el cese inmediato de la difusi&oacute;n -por cualquier medio televisivo, radial, digital o en redes sociales- de contenidos que cuestionen o critiquen al Ministerio P&uacute;blico Fiscal y a sus funcionarios. [&hellip;]<\/p>\n","protected":false},"author":2,"featured_media":29584,"comment_status":"closed","ping_status":"closed","sticky":false,"template":"","format":"standard","meta":{"footnotes":""},"categories":[979,5,176],"tags":[7131,7132,1461,3372,7133,6161],"class_list":["post-29583","post","type-post","status-publish","format-standard","has-post-thumbnail","hentry","category-judiciales","category-nacionales","category-politica","tag-adepa","tag-censura","tag-criticas","tag-judicial","tag-mpf","tag-repudio"],"_links":{"self":[{"href":"https:\/\/partediario.com.ar\/index.php?rest_route=\/wp\/v2\/posts\/29583","targetHints":{"allow":["GET"]}}],"collection":[{"href":"https:\/\/partediario.com.ar\/index.php?rest_route=\/wp\/v2\/posts"}],"about":[{"href":"https:\/\/partediario.com.ar\/index.php?rest_route=\/wp\/v2\/types\/post"}],"author":[{"embeddable":true,"href":"https:\/\/partediario.com.ar\/index.php?rest_route=\/wp\/v2\/users\/2"}],"replies":[{"embeddable":true,"href":"https:\/\/partediario.com.ar\/index.php?rest_route=%2Fwp%2Fv2%2Fcomments&post=29583"}],"version-history":[{"count":1,"href":"https:\/\/partediario.com.ar\/index.php?rest_route=\/wp\/v2\/posts\/29583\/revisions"}],"predecessor-version":[{"id":29585,"href":"https:\/\/partediario.com.ar\/index.php?rest_route=\/wp\/v2\/posts\/29583\/revisions\/29585"}],"wp:featuredmedia":[{"embeddable":true,"href":"https:\/\/partediario.com.ar\/index.php?rest_route=\/wp\/v2\/media\/29584"}],"wp:attachment":[{"href":"https:\/\/partediario.com.ar\/index.php?rest_route=%2Fwp%2Fv2%2Fmedia&parent=29583"}],"wp:term":[{"taxonomy":"category","embeddable":true,"href":"https:\/\/partediario.com.ar\/index.php?rest_route=%2Fwp%2Fv2%2Fcategories&post=29583"},{"taxonomy":"post_tag","embeddable":true,"href":"https:\/\/partediario.com.ar\/index.php?rest_route=%2Fwp%2Fv2%2Ftags&post=29583"}],"curies":[{"name":"wp","href":"https:\/\/api.w.org\/{rel}","templated":true}]}}