{"id":29586,"date":"2025-11-11T18:39:09","date_gmt":"2025-11-11T21:39:09","guid":{"rendered":"https:\/\/partediario.com.ar\/?p=29586"},"modified":"2025-11-12T19:09:00","modified_gmt":"2025-11-12T22:09:00","slug":"criticas-a-los-gobernadores-dialoguistas-los-convocaron-a-negociar-deuda-por-leyes-espantosas-senalo-kicillof","status":"publish","type":"post","link":"https:\/\/partediario.com.ar\/?p=29586","title":{"rendered":"Cr\u00edticas a los gobernadores dialoguistas: \u201cLos convocaron a negociar deuda por leyes espantosas\u201d, se\u00f1al\u00f3 Kicillof"},"content":{"rendered":"\n<h2 class=\"wp-block-heading\">El gobernador bonaerense, Axel Kicillof, critic\u00f3 este martes las tratativas entre algunos gobernadores y la administraci\u00f3n de Javier Milei, al considerar que los gobernadores fueron convocados por la Casa Rosada para \u201cnegociar deudas de Naci\u00f3n a cambio de leyes espantosas\u201d.<\/h2>\n\n\n\n<p>\u201cMientras tenemos mil obras paralizadas, Milei convoc\u00f3 a los gobernadores a negociar deudas de Naci\u00f3n a cambio de leyes espantosas\u201d, destac\u00f3 Kicillof en un acto en Florencio Varela.<\/p>\n\n\n\n<p>Durante la inauguraci\u00f3n de un Centro de Atenci\u00f3n Integral de Rehabilitaci\u00f3n para personas con discapacidad, el mandatario mencion\u00f3 las razones por las que el Gobierno lo excluy\u00f3 de las reuniones con los jefes provinciales.<\/p>\n\n\n\n<p>\u201cMilei sabe que este gobernador no va a acompa\u00f1ar ninguna ley que vaya en contra de los derechos de nuestro pueblo\u201d, remarc\u00f3 Kicillof, quien estuvo acompa\u00f1ado del ministro de Salud, Nicol\u00e1s Kreplak, y el intendente local, Andr\u00e9s Watson.<\/p>\n\n\n\n<p>En las \u00faltimas semanas, Milei mantuvo una reuni\u00f3n con gobernadores como Maximiliano Pullaro (Santa Fe), Mart\u00edn Llaryora (C\u00f3rdoba), Rogelio Frigerio (Entre R\u00edos) y Osvaldo Jaldo (Tucum\u00e1n), entre otros, con el objetivo de asegurar consensos para su paquete de reformas fiscales y laborales.<\/p>\n","protected":false},"excerpt":{"rendered":"<p>El gobernador bonaerense, Axel Kicillof, critic&oacute; este martes las tratativas entre algunos gobernadores y la administraci&oacute;n de Javier Milei, al considerar que los gobernadores fueron convocados por la Casa Rosada para &ldquo;negociar deudas de Naci&oacute;n a cambio de leyes espantosas&rdquo;. &ldquo;Mientras tenemos mil obras paralizadas, Milei convoc&oacute; a los gobernadores a negociar deudas de Naci&oacute;n [&hellip;]<\/p>\n","protected":false},"author":2,"featured_media":29587,"comment_status":"closed","ping_status":"closed","sticky":false,"template":"","format":"standard","meta":{"footnotes":""},"categories":[5,176],"tags":[1112,1461,7134,1023,232],"class_list":["post-29586","post","type-post","status-publish","format-standard","has-post-thumbnail","hentry","category-nacionales","category-politica","tag-axel-kicillof","tag-criticas","tag-dialoguistas","tag-gobernadores","tag-javier-milei"],"_links":{"self":[{"href":"https:\/\/partediario.com.ar\/index.php?rest_route=\/wp\/v2\/posts\/29586","targetHints":{"allow":["GET"]}}],"collection":[{"href":"https:\/\/partediario.com.ar\/index.php?rest_route=\/wp\/v2\/posts"}],"about":[{"href":"https:\/\/partediario.com.ar\/index.php?rest_route=\/wp\/v2\/types\/post"}],"author":[{"embeddable":true,"href":"https:\/\/partediario.com.ar\/index.php?rest_route=\/wp\/v2\/users\/2"}],"replies":[{"embeddable":true,"href":"https:\/\/partediario.com.ar\/index.php?rest_route=%2Fwp%2Fv2%2Fcomments&post=29586"}],"version-history":[{"count":1,"href":"https:\/\/partediario.com.ar\/index.php?rest_route=\/wp\/v2\/posts\/29586\/revisions"}],"predecessor-version":[{"id":29588,"href":"https:\/\/partediario.com.ar\/index.php?rest_route=\/wp\/v2\/posts\/29586\/revisions\/29588"}],"wp:featuredmedia":[{"embeddable":true,"href":"https:\/\/partediario.com.ar\/index.php?rest_route=\/wp\/v2\/media\/29587"}],"wp:attachment":[{"href":"https:\/\/partediario.com.ar\/index.php?rest_route=%2Fwp%2Fv2%2Fmedia&parent=29586"}],"wp:term":[{"taxonomy":"category","embeddable":true,"href":"https:\/\/partediario.com.ar\/index.php?rest_route=%2Fwp%2Fv2%2Fcategories&post=29586"},{"taxonomy":"post_tag","embeddable":true,"href":"https:\/\/partediario.com.ar\/index.php?rest_route=%2Fwp%2Fv2%2Ftags&post=29586"}],"curies":[{"name":"wp","href":"https:\/\/api.w.org\/{rel}","templated":true}]}}