{"id":29589,"date":"2025-11-11T18:42:17","date_gmt":"2025-11-11T21:42:17","guid":{"rendered":"https:\/\/partediario.com.ar\/?p=29589"},"modified":"2025-11-12T19:08:56","modified_gmt":"2025-11-12T22:08:56","slug":"jujuy-articulan-acciones-de-contencion-para-hijos-e-hijas-de-trabajadores-rurales","status":"publish","type":"post","link":"https:\/\/partediario.com.ar\/?p=29589","title":{"rendered":"Jujuy: articulan acciones de contenci\u00f3n para hijos e hijas de trabajadores rurales"},"content":{"rendered":"\n<h2 class=\"wp-block-heading\">El Estado provincial apunta a garantizar derechos, promover el bienestar infantil y acompa\u00f1ar el desarrollo de las familias.<\/h2>\n\n\n\n<p>El Ministerio de Desarrollo Humano, representado por la ministra Marta Russo Arriola y el secretario de Desarrollo Integral Oscar Llobet, mantuvieron una reuni\u00f3n de trabajo con el delegado provincial del Registro Nacional de Trabajadores Rurales y Empleadores (RENATRE) Jujuy, Jorge Rois, y la coordinadora provincial de la Coordinaci\u00f3n para Prevenci\u00f3n y Erradicaci\u00f3n de Trabajo Infantil (COPRETI), Marichi \u00c1lvarez, con el objetivo de articular acciones conjuntas orientadas a la protecci\u00f3n infantil de hijos e hijas de trabajadores rurales durante la temporada de cosecha.<\/p>\n\n\n\n<p>Durante el encuentro, se avanz\u00f3 en la planificaci\u00f3n del programa de Centros de Verano \u201cCrecer\u201d, que brindar\u00e1 espacios de contenci\u00f3n, recreaci\u00f3n y cuidado integral para ni\u00f1os y ni\u00f1as mientras sus madres y padres se desempe\u00f1an en las tareas rurales.<\/p>\n\n\n\n<p>Este trabajo articulado involucrar\u00e1 a distintos ministerios y organismos del Estado provincial, con el prop\u00f3sito de garantizar derechos, promover el bienestar infantil y acompa\u00f1ar el desarrollo de las familias rurales.<\/p>\n\n\n\n<p>Las autoridades coincidieron en la importancia de construir pol\u00edticas p\u00fablicas intersectoriales que prioricen la protecci\u00f3n y el cuidado de la infancia en todos los contextos, fortaleciendo la presencia del Estado en los territorios productivos.<\/p>\n","protected":false},"excerpt":{"rendered":"<p>El Estado provincial apunta a garantizar derechos, promover el bienestar infantil y acompa&ntilde;ar el desarrollo de las familias. El Ministerio de Desarrollo Humano, representado por la ministra Marta Russo Arriola y el secretario de Desarrollo Integral Oscar Llobet, mantuvieron una reuni&oacute;n de trabajo con el delegado provincial del Registro Nacional de Trabajadores Rurales y Empleadores [&hellip;]<\/p>\n","protected":false},"author":2,"featured_media":29590,"comment_status":"closed","ping_status":"closed","sticky":false,"template":"","format":"standard","meta":{"footnotes":""},"categories":[176,8],"tags":[7135,7040,3481,3702,753,7136,7137,2888,1949],"class_list":["post-29589","post","type-post","status-publish","format-standard","has-post-thumbnail","hentry","category-politica","category-provinciales","tag-articulacion","tag-contencion","tag-hijas","tag-hijos","tag-jujuy","tag-marta-russo-arriola","tag-oscar-llobet","tag-rurales","tag-trabajadores"],"_links":{"self":[{"href":"https:\/\/partediario.com.ar\/index.php?rest_route=\/wp\/v2\/posts\/29589","targetHints":{"allow":["GET"]}}],"collection":[{"href":"https:\/\/partediario.com.ar\/index.php?rest_route=\/wp\/v2\/posts"}],"about":[{"href":"https:\/\/partediario.com.ar\/index.php?rest_route=\/wp\/v2\/types\/post"}],"author":[{"embeddable":true,"href":"https:\/\/partediario.com.ar\/index.php?rest_route=\/wp\/v2\/users\/2"}],"replies":[{"embeddable":true,"href":"https:\/\/partediario.com.ar\/index.php?rest_route=%2Fwp%2Fv2%2Fcomments&post=29589"}],"version-history":[{"count":1,"href":"https:\/\/partediario.com.ar\/index.php?rest_route=\/wp\/v2\/posts\/29589\/revisions"}],"predecessor-version":[{"id":29591,"href":"https:\/\/partediario.com.ar\/index.php?rest_route=\/wp\/v2\/posts\/29589\/revisions\/29591"}],"wp:featuredmedia":[{"embeddable":true,"href":"https:\/\/partediario.com.ar\/index.php?rest_route=\/wp\/v2\/media\/29590"}],"wp:attachment":[{"href":"https:\/\/partediario.com.ar\/index.php?rest_route=%2Fwp%2Fv2%2Fmedia&parent=29589"}],"wp:term":[{"taxonomy":"category","embeddable":true,"href":"https:\/\/partediario.com.ar\/index.php?rest_route=%2Fwp%2Fv2%2Fcategories&post=29589"},{"taxonomy":"post_tag","embeddable":true,"href":"https:\/\/partediario.com.ar\/index.php?rest_route=%2Fwp%2Fv2%2Ftags&post=29589"}],"curies":[{"name":"wp","href":"https:\/\/api.w.org\/{rel}","templated":true}]}}