{"id":29592,"date":"2025-11-12T18:57:14","date_gmt":"2025-11-12T21:57:14","guid":{"rendered":"https:\/\/partediario.com.ar\/?p=29592"},"modified":"2025-11-13T09:40:19","modified_gmt":"2025-11-13T12:40:19","slug":"vidal-confirmo-que-el-pro-continuara-como-bloque-independiente-en-diputados-y-hablo-de-santilli","status":"publish","type":"post","link":"https:\/\/partediario.com.ar\/?p=29592","title":{"rendered":"Vidal confirm\u00f3 que el PRO continuar\u00e1 como bloque independiente en Diputados y habl\u00f3 de Santilli"},"content":{"rendered":"\n<h2 class=\"wp-block-heading\">La diputada del PRO Mar\u00eda Eugenia Vidal confirm\u00f3 hoy que no conformar\u00e1n un interbloque con La Libertad Avanza (LLA) y que mantendr\u00e1n la independencia en la C\u00e1mara baja, y adem\u00e1s se expres\u00f3 sobre el acompa\u00f1amiento para la reforma laboral y calific\u00f3 el salto de Diego Santilli al Gobierno como una acci\u00f3n personal.<\/h2>\n\n\n\n<p>\u201cNosotros lo que pensamos es c\u00f3mo apoyar y c\u00f3mo garantizar que se transforme nuestro pa\u00eds cada d\u00eda. Eso es lo que desvela a Mauricio, lo que nos desvela nosotros como dirigentes, m\u00e1s all\u00e1 de las especulaciones electorales\u201d, manifest\u00f3 Vidal a la salida de la reuni\u00f3n partidaria que encabez\u00f3 Mauricio Macri.<\/p>\n\n\n\n<p>La ex gobernadora de Buenos Aires agreg\u00f3 que: \u201cFaltan dos a\u00f1os para la elecci\u00f3n. Mauricio ha dicho que vamos a tener candidato a presidente, y seguramente lo tendremos, pero lo m\u00e1s importante es que haya un equipo. Nosotros creemos en los equipos, la gesti\u00f3n, en las ideas de la libertad y valores. Eso nos ha caracterizado los \u00faltimos 25 a\u00f1os\u201d.<\/p>\n\n\n\n<p>Consultada por el eventual interbloque en el Congreso con LLA, el partido del presidente Javier Milei,destac\u00f3: \u201cNosotros, en el Congreso, a partir del 10 de diciembre, tanto en el Senado como en Diputados, vamos a tener un bloque propio, un bloque independiente como lo tuvimos los \u00faltimos dos a\u00f1os, que represente las ideas y los valores del PRO\u201d.<\/p>\n\n\n\n<p>Sobre Santilli dijo: \u201c\u00c9l se ha definido dentro del PRO, pero adem\u00e1s hay que aclarar, y vale la pena decirlo, que su decisi\u00f3n de ser ministro del Interior a t\u00edtulo personal. El PRO es un partido independiente, aut\u00f3nomo, que, por supuesto, siempre, como lo dijo Mauricio, va a hacer lo correcto sobre lo conveniente\u201d.<\/p>\n\n\n\n<p>\u201cNo va a especular. Va a acompa\u00f1ar lo que est\u00e9 bien y va a acompa\u00f1ar lo que sea bueno para la gente, sobre todo en el programa fiscal del Gobierno, el programa macroecon\u00f3mico, que coincide con nuestras ideas. Ahora, en aquello que no, tambi\u00e9n lo va a decir. Hace a\u00f1os que el PRO viene defendiendo y sosteniendo que la Argentina necesita una reforma laboral\u201d, concluy\u00f3.<\/p>\n","protected":false},"excerpt":{"rendered":"<p>La diputada del PRO Mar&iacute;a Eugenia Vidal confirm&oacute; hoy que no conformar&aacute;n un interbloque con La Libertad Avanza (LLA) y que mantendr&aacute;n la independencia en la C&aacute;mara baja, y adem&aacute;s se expres&oacute; sobre el acompa&ntilde;amiento para la reforma laboral y calific&oacute; el salto de Diego Santilli al Gobierno como una acci&oacute;n personal. &ldquo;Nosotros lo que [&hellip;]<\/p>\n","protected":false},"author":2,"featured_media":29593,"comment_status":"closed","ping_status":"closed","sticky":false,"template":"","format":"standard","meta":{"footnotes":""},"categories":[5,176],"tags":[5669,1032,599,1101,2062],"class_list":["post-29592","post","type-post","status-publish","format-standard","has-post-thumbnail","hentry","category-nacionales","category-politica","tag-diego-santilli","tag-la-libertad-avanza","tag-maria-eugenia-vidal","tag-mauricio-macri","tag-pro"],"_links":{"self":[{"href":"https:\/\/partediario.com.ar\/index.php?rest_route=\/wp\/v2\/posts\/29592","targetHints":{"allow":["GET"]}}],"collection":[{"href":"https:\/\/partediario.com.ar\/index.php?rest_route=\/wp\/v2\/posts"}],"about":[{"href":"https:\/\/partediario.com.ar\/index.php?rest_route=\/wp\/v2\/types\/post"}],"author":[{"embeddable":true,"href":"https:\/\/partediario.com.ar\/index.php?rest_route=\/wp\/v2\/users\/2"}],"replies":[{"embeddable":true,"href":"https:\/\/partediario.com.ar\/index.php?rest_route=%2Fwp%2Fv2%2Fcomments&post=29592"}],"version-history":[{"count":1,"href":"https:\/\/partediario.com.ar\/index.php?rest_route=\/wp\/v2\/posts\/29592\/revisions"}],"predecessor-version":[{"id":29594,"href":"https:\/\/partediario.com.ar\/index.php?rest_route=\/wp\/v2\/posts\/29592\/revisions\/29594"}],"wp:featuredmedia":[{"embeddable":true,"href":"https:\/\/partediario.com.ar\/index.php?rest_route=\/wp\/v2\/media\/29593"}],"wp:attachment":[{"href":"https:\/\/partediario.com.ar\/index.php?rest_route=%2Fwp%2Fv2%2Fmedia&parent=29592"}],"wp:term":[{"taxonomy":"category","embeddable":true,"href":"https:\/\/partediario.com.ar\/index.php?rest_route=%2Fwp%2Fv2%2Fcategories&post=29592"},{"taxonomy":"post_tag","embeddable":true,"href":"https:\/\/partediario.com.ar\/index.php?rest_route=%2Fwp%2Fv2%2Ftags&post=29592"}],"curies":[{"name":"wp","href":"https:\/\/api.w.org\/{rel}","templated":true}]}}