{"id":29602,"date":"2025-11-12T19:08:44","date_gmt":"2025-11-12T22:08:44","guid":{"rendered":"https:\/\/partediario.com.ar\/?p=29602"},"modified":"2025-11-14T19:16:23","modified_gmt":"2025-11-14T22:16:23","slug":"la-inflacion-de-octubre-fue-del-23-de-acuerdo-a-informacion-del-indec","status":"publish","type":"post","link":"https:\/\/partediario.com.ar\/?p=29602","title":{"rendered":"La inflaci\u00f3n de octubre fue del 2,3% de acuerdo a informaci\u00f3n del Indec"},"content":{"rendered":"\n<h2 class=\"wp-block-heading\">El indicador subi\u00f3 por quinto mes consecutivo y se ubic\u00f3 un 0,2% por encima del de septiembre, que cerr\u00f3 en 2,1%. En lo que va del a\u00f1o la variaci\u00f3n de precios acumula un 24,8% y un 31,3% en los \u00faltimos 12 meses.<\/h2>\n\n\n\n<p>\u201cLa divisi\u00f3n de mayor aumento en el mes fue Transporte (3,5%), seguida de Vivienda, agua, electricidad, gas y otros combustibles (2,8%).<\/p>\n\n\n\n<p>La divisi\u00f3n con mayor incidencia en la variaci\u00f3n mensual regional fue Alimentos y bebidas no alcoh\u00f3licas, a excepci\u00f3n de Patagonia, cuya mayor incidencia se registr\u00f3 en Vivienda, agua, electricidad, gas y otros combustibles\u201d, resalt\u00f3 el informe oficial.<\/p>\n","protected":false},"excerpt":{"rendered":"<p>El indicador subi&oacute; por quinto mes consecutivo y se ubic&oacute; un 0,2% por encima del de septiembre, que cerr&oacute; en 2,1%. En lo que va del a&ntilde;o la variaci&oacute;n de precios acumula un 24,8% y un 31,3% en los &uacute;ltimos 12 meses. &ldquo;La divisi&oacute;n de mayor aumento en el mes fue Transporte (3,5%), seguida de [&hellip;]<\/p>\n","protected":false},"author":2,"featured_media":29603,"comment_status":"closed","ping_status":"closed","sticky":false,"template":"","format":"standard","meta":{"footnotes":""},"categories":[978,5,176],"tags":[2389,320,1606,3542],"class_list":["post-29602","post","type-post","status-publish","format-standard","has-post-thumbnail","hentry","category-gremiales","category-nacionales","category-politica","tag-incremento","tag-indec","tag-inflacion","tag-octubre"],"_links":{"self":[{"href":"https:\/\/partediario.com.ar\/index.php?rest_route=\/wp\/v2\/posts\/29602","targetHints":{"allow":["GET"]}}],"collection":[{"href":"https:\/\/partediario.com.ar\/index.php?rest_route=\/wp\/v2\/posts"}],"about":[{"href":"https:\/\/partediario.com.ar\/index.php?rest_route=\/wp\/v2\/types\/post"}],"author":[{"embeddable":true,"href":"https:\/\/partediario.com.ar\/index.php?rest_route=\/wp\/v2\/users\/2"}],"replies":[{"embeddable":true,"href":"https:\/\/partediario.com.ar\/index.php?rest_route=%2Fwp%2Fv2%2Fcomments&post=29602"}],"version-history":[{"count":1,"href":"https:\/\/partediario.com.ar\/index.php?rest_route=\/wp\/v2\/posts\/29602\/revisions"}],"predecessor-version":[{"id":29604,"href":"https:\/\/partediario.com.ar\/index.php?rest_route=\/wp\/v2\/posts\/29602\/revisions\/29604"}],"wp:featuredmedia":[{"embeddable":true,"href":"https:\/\/partediario.com.ar\/index.php?rest_route=\/wp\/v2\/media\/29603"}],"wp:attachment":[{"href":"https:\/\/partediario.com.ar\/index.php?rest_route=%2Fwp%2Fv2%2Fmedia&parent=29602"}],"wp:term":[{"taxonomy":"category","embeddable":true,"href":"https:\/\/partediario.com.ar\/index.php?rest_route=%2Fwp%2Fv2%2Fcategories&post=29602"},{"taxonomy":"post_tag","embeddable":true,"href":"https:\/\/partediario.com.ar\/index.php?rest_route=%2Fwp%2Fv2%2Ftags&post=29602"}],"curies":[{"name":"wp","href":"https:\/\/api.w.org\/{rel}","templated":true}]}}