{"id":29605,"date":"2025-11-13T08:37:37","date_gmt":"2025-11-13T11:37:37","guid":{"rendered":"https:\/\/partediario.com.ar\/?p=29605"},"modified":"2025-11-14T19:16:19","modified_gmt":"2025-11-14T22:16:19","slug":"julio-de-vido-ya-esta-en-comodoro-py-para-cumplir-la-sentencia","status":"publish","type":"post","link":"https:\/\/partediario.com.ar\/?p=29605","title":{"rendered":"Julio De Vido ya est\u00e1 en Comodoro Py para cumplir la sentencia"},"content":{"rendered":"\n<h2 class=\"wp-block-heading\">El ex ministro de Planificaci\u00f3n Federal del kirchnerismo Julio De Vido se present\u00f3 este jueves pasadas las 8.15 en los tribunales de Comodoro Py para cumplir la pena a cuatro a\u00f1os de prisi\u00f3n por la Tragedia de Once.<\/h2>\n\n\n\n<p>Finalmente la Corte Suprema Suprema de Justicia, dej\u00f3 firme la sentencia del Tribunal Oral Federal 4 por esa causa.<\/p>\n\n\n\n<p>En tanto, el TOF 4 rechaz\u00f3 adem\u00e1s el pedido que hab\u00eda formulado la defensa de De Vido de prisi\u00f3n domiciliaria para que el ex funcionario no tuviera que presentarse ma\u00f1ana.<\/p>\n\n\n\n<p><\/p>\n\n\n\n<figure class=\"wp-block-video\"><video height=\"720\" style=\"aspect-ratio: 408 \/ 720;\" width=\"408\" controls src=\"https:\/\/partediario.com.ar\/wp-content\/uploads\/video-17.mp4\"><\/video><\/figure>\n\n\n\n<p><\/p>\n\n\n\n<p>Noticia en desarrollo\u2026<\/p>\n","protected":false},"excerpt":{"rendered":"<p>El ex ministro de Planificaci&oacute;n Federal del kirchnerismo Julio De Vido se present&oacute; este jueves pasadas las 8.15 en los tribunales de Comodoro Py para cumplir la pena a cuatro a&ntilde;os de prisi&oacute;n por la Tragedia de Once. Finalmente la Corte Suprema Suprema de Justicia, dej&oacute; firme la sentencia del Tribunal Oral Federal 4 por [&hellip;]<\/p>\n","protected":false},"author":2,"featured_media":29607,"comment_status":"closed","ping_status":"closed","sticky":false,"template":"","format":"standard","meta":{"footnotes":""},"categories":[979,5,176],"tags":[2475,436,6901,7139],"class_list":["post-29605","post","type-post","status-publish","format-standard","has-post-thumbnail","hentry","category-judiciales","category-nacionales","category-politica","tag-comodoro-py","tag-detenido","tag-julio-de-vido","tag-tragedia-de-once"],"_links":{"self":[{"href":"https:\/\/partediario.com.ar\/index.php?rest_route=\/wp\/v2\/posts\/29605","targetHints":{"allow":["GET"]}}],"collection":[{"href":"https:\/\/partediario.com.ar\/index.php?rest_route=\/wp\/v2\/posts"}],"about":[{"href":"https:\/\/partediario.com.ar\/index.php?rest_route=\/wp\/v2\/types\/post"}],"author":[{"embeddable":true,"href":"https:\/\/partediario.com.ar\/index.php?rest_route=\/wp\/v2\/users\/2"}],"replies":[{"embeddable":true,"href":"https:\/\/partediario.com.ar\/index.php?rest_route=%2Fwp%2Fv2%2Fcomments&post=29605"}],"version-history":[{"count":1,"href":"https:\/\/partediario.com.ar\/index.php?rest_route=\/wp\/v2\/posts\/29605\/revisions"}],"predecessor-version":[{"id":29608,"href":"https:\/\/partediario.com.ar\/index.php?rest_route=\/wp\/v2\/posts\/29605\/revisions\/29608"}],"wp:featuredmedia":[{"embeddable":true,"href":"https:\/\/partediario.com.ar\/index.php?rest_route=\/wp\/v2\/media\/29607"}],"wp:attachment":[{"href":"https:\/\/partediario.com.ar\/index.php?rest_route=%2Fwp%2Fv2%2Fmedia&parent=29605"}],"wp:term":[{"taxonomy":"category","embeddable":true,"href":"https:\/\/partediario.com.ar\/index.php?rest_route=%2Fwp%2Fv2%2Fcategories&post=29605"},{"taxonomy":"post_tag","embeddable":true,"href":"https:\/\/partediario.com.ar\/index.php?rest_route=%2Fwp%2Fv2%2Ftags&post=29605"}],"curies":[{"name":"wp","href":"https:\/\/api.w.org\/{rel}","templated":true}]}}