{"id":29612,"date":"2025-11-13T09:21:16","date_gmt":"2025-11-13T12:21:16","guid":{"rendered":"https:\/\/partediario.com.ar\/?p=29612"},"modified":"2025-11-14T19:16:12","modified_gmt":"2025-11-14T22:16:12","slug":"caputo-abrira-hoy-la-31a-conferencia-de-la-uia","status":"publish","type":"post","link":"https:\/\/partediario.com.ar\/?p=29612","title":{"rendered":"Caputo abrir\u00e1 hoy la 31\u00aa Conferencia de la UIA"},"content":{"rendered":"\n<h2 class=\"wp-block-heading\">El ministro de Econom\u00eda, Luis Caputo, ser\u00e1 este jueves el primer disertante de la 31\u00aa Conferencia Industrial de la (Uni\u00f3n Industrial Argentina), donde incentivar\u00e1 a los empresarios a que aceleren los procesos de inversi\u00f3n una vez despejado el escenario pol\u00edtico.<\/h2>\n\n\n\n<p>Por su parte, los industriales lo esperar\u00e1n con los reiterados reclamos de reformas estructurales para \u201cnivelar la cancha\u201d en momentos de apertura econ\u00f3mica.<\/p>\n\n\n\n<p>Los principales cambios apuntan a las leyes que rigen el trabajo y a una modificaci\u00f3n del sistema tributario con bajas de impuestos.<\/p>\n\n\n\n<p>Si bien el gobierno afirman que ambos temas son prioritarios no abre el juego mostrando los proyectos y espera al cambio de la composici\u00f3n del Congreso el 10 de diciembre.<\/p>\n\n\n\n<p>Las palabras de Caputo est\u00e1n previstas desde las 9 de hoy, despu\u00e9s que el presidente de la Conferencia, Mart\u00edn Cabrales, realice su discurso de bienvenida.<\/p>\n\n\n\n<p>Tal como sucedi\u00f3 la semana pasada con inversores en Estados Unidos, ahora el desaf\u00edo del gobierno es lograr atraer d\u00f3lares al pa\u00eds tanto a trav\u00e9s de ingresos financieros como productivos.<\/p>\n\n\n\n<p>De all\u00ed que Caputo buscar\u00e1 darles garant\u00edas a los empresarios de que la macroeconom\u00eda permanecer\u00e1 estable y no habr\u00e1 m\u00e1s eventos disruptivos como los que se sucedieron previo a las elecciones.<\/p>\n\n\n\n<p>Mientras que el sector empresarial espera conocer detalles de las reformas laboral y tributaria que presentar\u00e1 el gobierno.<\/p>\n\n\n\n<p>Ambos factores son esenciales para lograr lo que ellos llaman \u201cnivelar la cancha\u201d.<\/p>\n\n\n\n<p>En el mercado de trabajo, los empresarios no se han adherido a la posibilidad de armar programas de cesant\u00edas propios, tal como lo permiti\u00f3 la \u00faltima reforma del gobierno, que elimin\u00f3 adem\u00e1s las multas para las contrataciones en negro.<\/p>\n\n\n\n<p>El Gobierno ya se los hizo saber en varias ocasiones, pero los industriales siguen siendo reticentes a formar planes a medida para flexibilizar la contrataci\u00f3n de nuevos trabajadores.<\/p>\n\n\n\n<p>Sobre el tema impositivo, en las \u00faltimas horas se hizo viral una comparaci\u00f3n entre los impuestos que pagan un industrial argentino y un paraguayo. A esa diferencia apuntan los empresarios para recuperar competitividad.<\/p>\n\n\n\n<p>El cierre de la jornada est\u00e1 previsto con el flamante ministro del Interior, Diego Santilli, y al momento no hay confirmaci\u00f3n de alg\u00fan tipo de comunicaci\u00f3n del presidente, Javier Milei.<\/p>\n\n\n\n<p>La Conferencia estar\u00e1 presidida por Mart\u00edn Cabrales y se desarrollar\u00e1 bajo el lema \u201cEl futuro se produce hoy\u201d.<\/p>\n\n\n\n<p>\u201cArgentina es un pa\u00eds que necesita dar trabajo y, adem\u00e1s, necesita formalidad, porque hay mucha informalidad y eso afecta mucho a la competencia\u201d, expres\u00f3 Cabrales en declaraciones recientes.<\/p>\n\n\n\n<p>Y destac\u00f3 que deber\u00eda haber \u201cuna carga tributaria menor\u201d porque lo que se paga de impuestos en el pa\u00eds \u201ces terrible\u201d y puso en el mismo nivel de importancia el peligro que representa \u201cla econom\u00eda informal\u201d y la calific\u00f3 como \u201cpeor que las importaciones\u201d: \u201cNo pagan ning\u00fan tipo de impuestos y eso es muy da\u00f1ino\u201d, agreg\u00f3.<\/p>\n\n\n\n<p>Tambi\u00e9n indic\u00f3 que la crisis que atraviesan en las pymes, ya que es un que est\u00e1n \u201cen una situaci\u00f3n agobiante\u201d y manifest\u00f3 que, si alguna tiene que pagar un juicio hoy \u201cimplicar\u00eda cerrar la empresa\u201d.<\/p>\n","protected":false},"excerpt":{"rendered":"<p>El ministro de Econom&iacute;a, Luis Caputo, ser&aacute; este jueves el primer disertante de la 31&ordf; Conferencia Industrial de la (Uni&oacute;n Industrial Argentina), donde incentivar&aacute; a los empresarios a que aceleren los procesos de inversi&oacute;n una vez despejado el escenario pol&iacute;tico. Por su parte, los industriales lo esperar&aacute;n con los reiterados reclamos de reformas estructurales para [&hellip;]<\/p>\n","protected":false},"author":2,"featured_media":28994,"comment_status":"closed","ping_status":"closed","sticky":false,"template":"","format":"standard","meta":{"footnotes":""},"categories":[5,176],"tags":[4042,673,792,4368],"class_list":["post-29612","post","type-post","status-publish","format-standard","has-post-thumbnail","hentry","category-nacionales","category-politica","tag-apertura","tag-conferencia","tag-luis-caputo","tag-uia"],"_links":{"self":[{"href":"https:\/\/partediario.com.ar\/index.php?rest_route=\/wp\/v2\/posts\/29612","targetHints":{"allow":["GET"]}}],"collection":[{"href":"https:\/\/partediario.com.ar\/index.php?rest_route=\/wp\/v2\/posts"}],"about":[{"href":"https:\/\/partediario.com.ar\/index.php?rest_route=\/wp\/v2\/types\/post"}],"author":[{"embeddable":true,"href":"https:\/\/partediario.com.ar\/index.php?rest_route=\/wp\/v2\/users\/2"}],"replies":[{"embeddable":true,"href":"https:\/\/partediario.com.ar\/index.php?rest_route=%2Fwp%2Fv2%2Fcomments&post=29612"}],"version-history":[{"count":1,"href":"https:\/\/partediario.com.ar\/index.php?rest_route=\/wp\/v2\/posts\/29612\/revisions"}],"predecessor-version":[{"id":29613,"href":"https:\/\/partediario.com.ar\/index.php?rest_route=\/wp\/v2\/posts\/29612\/revisions\/29613"}],"wp:featuredmedia":[{"embeddable":true,"href":"https:\/\/partediario.com.ar\/index.php?rest_route=\/wp\/v2\/media\/28994"}],"wp:attachment":[{"href":"https:\/\/partediario.com.ar\/index.php?rest_route=%2Fwp%2Fv2%2Fmedia&parent=29612"}],"wp:term":[{"taxonomy":"category","embeddable":true,"href":"https:\/\/partediario.com.ar\/index.php?rest_route=%2Fwp%2Fv2%2Fcategories&post=29612"},{"taxonomy":"post_tag","embeddable":true,"href":"https:\/\/partediario.com.ar\/index.php?rest_route=%2Fwp%2Fv2%2Ftags&post=29612"}],"curies":[{"name":"wp","href":"https:\/\/api.w.org\/{rel}","templated":true}]}}