{"id":29623,"date":"2025-11-14T18:56:17","date_gmt":"2025-11-14T21:56:17","guid":{"rendered":"https:\/\/partediario.com.ar\/?p=29623"},"modified":"2025-11-15T11:02:27","modified_gmt":"2025-11-15T14:02:27","slug":"modificaciones-en-el-gobierno-se-divide-turismo-y-deportes-y-lo-reparten-entre-adorni-y-santilli","status":"publish","type":"post","link":"https:\/\/partediario.com.ar\/?p=29623","title":{"rendered":"Modificaciones en el Gobierno: se divide Turismo y Deportes y lo reparten entre Adorni y Santilli"},"content":{"rendered":"\n<h2 class=\"wp-block-heading\">El gobierno de Javier Milei dispuso nuevos cambios en los Ministerios, y habr\u00e1 una divisi\u00f3n del Ministerio de Turismo y Deportes, actualmente en manos de Daniel Scioli, y se repartir\u00e1 entre la Jefatura de Gabinete y el Ministerio del Interior.<\/h2>\n\n\n\n<p>Esta medida se supo de fuentes oficiales, que adem\u00e1s indicaron que el Renaper y los pasos fronterizos quedar\u00e1n en el Ministerio del Interior, a cargo de Diego Santilli.<\/p>\n\n\n\n<p>Seg\u00fan el nuevo cambio, Turismo se lo quedar\u00e1 Manuel Adorni dentro de Jefatura de Gabinete, mientras que Deportes ser\u00e1 atribuci\u00f3n de Santilli.<\/p>\n\n\n\n<p>Mientras que la Secretar\u00eda de Ambiente pasar\u00e1 a manos a Adorni. #ParteDiario<\/p>\n","protected":false},"excerpt":{"rendered":"<p>El gobierno de Javier Milei dispuso nuevos cambios en los Ministerios, y habr&aacute; una divisi&oacute;n del Ministerio de Turismo y Deportes, actualmente en manos de Daniel Scioli, y se repartir&aacute; entre la Jefatura de Gabinete y el Ministerio del Interior. Esta medida se supo de fuentes oficiales, que adem&aacute;s indicaron que el Renaper y los [&hellip;]<\/p>\n","protected":false},"author":2,"featured_media":29624,"comment_status":"closed","ping_status":"closed","sticky":false,"template":"","format":"standard","meta":{"footnotes":""},"categories":[5,176],"tags":[224,2296],"class_list":["post-29623","post","type-post","status-publish","format-standard","has-post-thumbnail","hentry","category-nacionales","category-politica","tag-gobierno","tag-modificaciones"],"_links":{"self":[{"href":"https:\/\/partediario.com.ar\/index.php?rest_route=\/wp\/v2\/posts\/29623","targetHints":{"allow":["GET"]}}],"collection":[{"href":"https:\/\/partediario.com.ar\/index.php?rest_route=\/wp\/v2\/posts"}],"about":[{"href":"https:\/\/partediario.com.ar\/index.php?rest_route=\/wp\/v2\/types\/post"}],"author":[{"embeddable":true,"href":"https:\/\/partediario.com.ar\/index.php?rest_route=\/wp\/v2\/users\/2"}],"replies":[{"embeddable":true,"href":"https:\/\/partediario.com.ar\/index.php?rest_route=%2Fwp%2Fv2%2Fcomments&post=29623"}],"version-history":[{"count":1,"href":"https:\/\/partediario.com.ar\/index.php?rest_route=\/wp\/v2\/posts\/29623\/revisions"}],"predecessor-version":[{"id":29625,"href":"https:\/\/partediario.com.ar\/index.php?rest_route=\/wp\/v2\/posts\/29623\/revisions\/29625"}],"wp:featuredmedia":[{"embeddable":true,"href":"https:\/\/partediario.com.ar\/index.php?rest_route=\/wp\/v2\/media\/29624"}],"wp:attachment":[{"href":"https:\/\/partediario.com.ar\/index.php?rest_route=%2Fwp%2Fv2%2Fmedia&parent=29623"}],"wp:term":[{"taxonomy":"category","embeddable":true,"href":"https:\/\/partediario.com.ar\/index.php?rest_route=%2Fwp%2Fv2%2Fcategories&post=29623"},{"taxonomy":"post_tag","embeddable":true,"href":"https:\/\/partediario.com.ar\/index.php?rest_route=%2Fwp%2Fv2%2Ftags&post=29623"}],"curies":[{"name":"wp","href":"https:\/\/api.w.org\/{rel}","templated":true}]}}