{"id":29626,"date":"2025-11-14T19:01:48","date_gmt":"2025-11-14T22:01:48","guid":{"rendered":"https:\/\/partediario.com.ar\/?p=29626"},"modified":"2025-11-15T11:02:23","modified_gmt":"2025-11-15T14:02:23","slug":"augusto-costa-senalo-que-el-acuerdo-comercial-con-estados-unidos-generara-mas-desempleo","status":"publish","type":"post","link":"https:\/\/partediario.com.ar\/?p=29626","title":{"rendered":"Augusto Costa se\u00f1al\u00f3 que el acuerdo comercial con Estados Unidos generar\u00e1 m\u00e1s desempleo"},"content":{"rendered":"\n<h2 class=\"wp-block-heading\">El gobierno bonaerense rechaz\u00f3 el acuerdo comercial alcanzado entre la Argentina y Estados Unidos y advirti\u00f3 que provocar\u00e1 m\u00e1s desempleo en el distrito m\u00e1s poblado del pa\u00eds.<\/h2>\n\n\n\n<p>\u201cEste acuerdo pega de lleno en la provincia de Buenos Aires y se suma a la pol\u00edtica de ajuste y de destrucci\u00f3n del empleo que venimos viendo. Es muy preocupante, realmente\u201d, destac\u00f3 el ministro de la Producci\u00f3n bonaerense, Augusto Costa, en declaraciones radiales.<\/p>\n\n\n\n<p>Costa indic\u00f3 que el acuerdo \u00abes parte de esta estrategia ruinosa de subordinaci\u00f3n y entrega de soberan\u00eda que viene desplegando Milei\u00bb.<\/p>\n\n\n\n<p>Y agreg\u00f3 que: \u00abPara el funcionario, el \u00abalineamiento incondicional con Estados Unidos\u00bb puede perjudicar a distintos sectores, como al industria.<\/p>\n\n\n\n<p>\u00abVa a comprometer mucho ala industria, el desarrollo tecnol\u00f3gico, la posibilidad de agregar m\u00e1s valor en nuestro pa\u00eds\u00bb, alert\u00f3.<\/p>\n\n\n\n<p>Se\u00f1al\u00f3 adem\u00e1s que \u201ces un marco de acuerdo que a los fines pr\u00e1cticos no quiere decir mucho pero muestra una agenda muy clara de a donde quiere avanzer el gobierno de Milei en su pol\u00edtica internacional y que se da en el contexto de un mundo convulsionado\u201d.<\/p>\n\n\n\n<p>Costa advirti\u00f3 que el sector industrial puede ser uno de los m\u00e1s afectados porque, en muchos casos, compite con Estados Unidos.<\/p>\n\n\n\n<p>Dijo que la provincia de Buenos Aires \u00abaporta el 50% de los bienes industriales de Argentina, por lo que este acuerdo pega de lleno en la Provincia y se suma a toda esta pol\u00edtica de ajuste y destrucci\u00f3n de empleo y es muy preocupante\u00bb.<\/p>\n\n\n\n<p>Al reafirmar las cr\u00edticas al Gobierno, Costa se\u00f1al\u00f3 que horas antes del anuncio del acuerdo, el ministro de Econom\u00eda, Luis Caputo, dio un discurso ante la UIA y no mencion\u00f3 la palabra industria.<\/p>\n\n\n\n<p>\u00abM\u00e1s preocupante a\u00fan es que se anuncie (el acuerdo) el mismo d\u00eda que el ministro se presenta ante la UIA y no menciona ni una vez la palabra industria o pol\u00edtica industrial\u00bb, dijo sobre Caputo, y a\u00f1adi\u00f3: \u00abEstamos ante un gobierno que est\u00e1 desindustrializando la Argentina\u00bb.<\/p>\n\n\n\n<p>Cabe destacar que luego de varios meses de negociaciones, Estados Unidos anunci\u00f3 este jueves el esperado acuerdo comercial bilateral, un pacto que, seg\u00fan precisaron, busca \u00abimpulsar el crecimiento de largo plazo que expanda las oportunidades para ambas naciones\u201d. #ParteDiario<\/p>\n","protected":false},"excerpt":{"rendered":"<p>El gobierno bonaerense rechaz&oacute; el acuerdo comercial alcanzado entre la Argentina y Estados Unidos y advirti&oacute; que provocar&aacute; m&aacute;s desempleo en el distrito m&aacute;s poblado del pa&iacute;s. &ldquo;Este acuerdo pega de lleno en la provincia de Buenos Aires y se suma a la pol&iacute;tica de ajuste y de destrucci&oacute;n del empleo que venimos viendo. Es [&hellip;]<\/p>\n","protected":false},"author":2,"featured_media":29627,"comment_status":"closed","ping_status":"closed","sticky":false,"template":"","format":"standard","meta":{"footnotes":""},"categories":[5,176],"tags":[1108,411,7142,1461,467,224],"class_list":["post-29626","post","type-post","status-publish","format-standard","has-post-thumbnail","hentry","category-nacionales","category-politica","tag-acuerdo","tag-argentina","tag-augusto-costa","tag-criticas","tag-estados-unidos","tag-gobierno"],"_links":{"self":[{"href":"https:\/\/partediario.com.ar\/index.php?rest_route=\/wp\/v2\/posts\/29626","targetHints":{"allow":["GET"]}}],"collection":[{"href":"https:\/\/partediario.com.ar\/index.php?rest_route=\/wp\/v2\/posts"}],"about":[{"href":"https:\/\/partediario.com.ar\/index.php?rest_route=\/wp\/v2\/types\/post"}],"author":[{"embeddable":true,"href":"https:\/\/partediario.com.ar\/index.php?rest_route=\/wp\/v2\/users\/2"}],"replies":[{"embeddable":true,"href":"https:\/\/partediario.com.ar\/index.php?rest_route=%2Fwp%2Fv2%2Fcomments&post=29626"}],"version-history":[{"count":1,"href":"https:\/\/partediario.com.ar\/index.php?rest_route=\/wp\/v2\/posts\/29626\/revisions"}],"predecessor-version":[{"id":29628,"href":"https:\/\/partediario.com.ar\/index.php?rest_route=\/wp\/v2\/posts\/29626\/revisions\/29628"}],"wp:featuredmedia":[{"embeddable":true,"href":"https:\/\/partediario.com.ar\/index.php?rest_route=\/wp\/v2\/media\/29627"}],"wp:attachment":[{"href":"https:\/\/partediario.com.ar\/index.php?rest_route=%2Fwp%2Fv2%2Fmedia&parent=29626"}],"wp:term":[{"taxonomy":"category","embeddable":true,"href":"https:\/\/partediario.com.ar\/index.php?rest_route=%2Fwp%2Fv2%2Fcategories&post=29626"},{"taxonomy":"post_tag","embeddable":true,"href":"https:\/\/partediario.com.ar\/index.php?rest_route=%2Fwp%2Fv2%2Ftags&post=29626"}],"curies":[{"name":"wp","href":"https:\/\/api.w.org\/{rel}","templated":true}]}}