{"id":29635,"date":"2025-11-15T11:02:00","date_gmt":"2025-11-15T14:02:00","guid":{"rendered":"https:\/\/partediario.com.ar\/?p=29635"},"modified":"2025-11-16T09:21:26","modified_gmt":"2025-11-16T12:21:26","slug":"incendio-en-ezeiza-la-totalidad-de-las-personas-asistidas-se-encuentran-fuera-de-peligro","status":"publish","type":"post","link":"https:\/\/partediario.com.ar\/?p=29635","title":{"rendered":"Incendio en Ezeiza: la totalidad de las personas asistidas se encuentran fuera de peligro"},"content":{"rendered":"\n<h2 class=\"wp-block-heading\">El Ministerio de Salud de la Provincia de Buenos Aires, se\u00f1al\u00f3 que todas las personas asistidas permanecen fuera de peligro luego del impactante incendio que afect\u00f3 a un parque industrial en Ezeiza y ya no quedan pacientes internados.<\/h2>\n\n\n\n<p>Seg\u00fan trascendi\u00f3 y en base al preciso informe que brind\u00f3 el ministro de Salud de la provincia, Nicol\u00e1s Kreplak, \u201cde los 8 pacientes ingresados al Hospital Eurnekian, 6 evolucionaron favorablemente y fueron dados de alta, mientras que los dos restantes, estables y sin complicaciones, continuaron su atenci\u00f3n en sus respectivas coberturas de salud\u201d.<\/p>\n\n\n\n<p><\/p>\n\n\n\n<figure class=\"wp-block-image size-full\"><img loading=\"lazy\" decoding=\"async\" width=\"610\" height=\"381\" src=\"https:\/\/partediario.com.ar\/wp-content\/uploads\/nube-toxica-ezeiza.webp\" alt=\"\" class=\"wp-image-29636\" srcset=\"https:\/\/partediario.com.ar\/wp-content\/uploads\/nube-toxica-ezeiza.webp 610w, https:\/\/partediario.com.ar\/wp-content\/uploads\/nube-toxica-ezeiza-300x187.webp 300w\" sizes=\"auto, (max-width: 610px) 100vw, 610px\" \/><\/figure>\n\n\n\n<p><\/p>\n\n\n\n<p>El informe indica que cl\u00ednicas y sanatorios de la zona reportaron a 15 personas con heridas leves por situaciones dom\u00e9sticas que fueron producto de la onda expansiva, lo que implic\u00f3 cortes y lesiones menores.<\/p>\n\n\n\n<p>Por su parte el Ceo de Cl\u00ednica Monte Grande, Carlos Santoro, indic\u00f3 que all\u00ed ingres\u00f3 una mujer embarazada que \u201cse fue de alta\u201d, mientras que \u201cun directivo de una empresa del parque industrial sufri\u00f3 un infarto y est\u00e1 en la Unidad de Terapia Intensiva donde evoluciona favorablemente\u201d.<\/p>\n\n\n\n<p>La l\u00ednea de atenci\u00f3n a la comunidad del Centro Provincial de Toxicolog\u00eda recibi\u00f3 45 llamados vinculados al incidente, los mismos correspondieron a consultas de orientaci\u00f3n, sin requerir derivaci\u00f3n al sistema de salud.<\/p>\n\n\n\n<p>Durante toda la noche y la madrugada, el sistema de salud bonaerense dispuso m\u00e1s de 25 m\u00f3viles, mientras que en el lugar contin\u00faa dispuesto un shock room con unidades m\u00f3viles de terapia intensiva, que brinda apoyo a las dotaciones de bomberos.<\/p>\n\n\n\n<p>El comunicado oficial del municipio se\u00f1al\u00f3 que all\u00ed trabajan 70 dotaciones y 380 bomberos con un operativo a cargo de la Provincia de Buenos Aires que prev\u00e9 que las tareas de extinci\u00f3n del fuego podr\u00edan prolongarse entre 24 y 36 horas m\u00e1s.<\/p>\n\n\n\n<p>Las dotaciones que trabajan en el lugar pertenecen a Ezeiza, Esteban Echeverr\u00eda, La Matanza, Ca\u00f1uelas, San Vicente, Marcos Paz, Mor\u00f3n, Tres de Febrero, Brandsen, entre otros. Adem\u00e1s asisten La Cruz Roja, Polic\u00eda Federal, Ministerio de Salud de la Provincia, Defensa Civil de PBA y otros municipios.<\/p>\n\n\n\n<p>Sin embargo, hasta el momento no se detectan signos de propagaci\u00f3n de contaminaci\u00f3n qu\u00edmica en el aire ni se recibieron llamados por s\u00edntomas de intoxicaci\u00f3n en la poblaci\u00f3n. La densa nube negra visible es resultado de la combusti\u00f3n de neum\u00e1ticos en la planta de Larroca Minera.<\/p>\n\n\n\n<p>Para facilitar el trabajo de las autobombas y el personal de emergencia, la Autopista Ezeiza-Ca\u00f1uelas se encuentra cerrada en ambos sentidos (desde Ezeiza hasta Spegazzini), hasta nuevo aviso para evitar la congesti\u00f3n de la zona y facilitar el desplazamiento de las autobombas y el personal de emergencias que trabaja en el lugar.<\/p>\n\n\n\n<p>Se aguarda adem\u00e1s, tormentas para este s\u00e1bado a la tarde con r\u00e1fagas que podr\u00edan superar los 80 kil\u00f3metros sobre hora, abundante agua en cortos periodos y ocasional ca\u00edda de granizo.<\/p>\n","protected":false},"excerpt":{"rendered":"<p>El Ministerio de Salud de la Provincia de Buenos Aires, se&ntilde;al&oacute; que todas las personas asistidas permanecen fuera de peligro luego del impactante incendio que afect&oacute; a un parque industrial en Ezeiza y ya no quedan pacientes internados. Seg&uacute;n trascendi&oacute; y en base al preciso informe que brind&oacute; el ministro de Salud de la provincia, [&hellip;]<\/p>\n","protected":false},"author":2,"featured_media":29637,"comment_status":"closed","ping_status":"closed","sticky":false,"template":"","format":"standard","meta":{"footnotes":""},"categories":[5,7],"tags":[4767,1917,456],"class_list":["post-29635","post","type-post","status-publish","format-standard","has-post-thumbnail","hentry","category-nacionales","category-policiales","tag-explosion","tag-ezeiza","tag-incendio"],"_links":{"self":[{"href":"https:\/\/partediario.com.ar\/index.php?rest_route=\/wp\/v2\/posts\/29635","targetHints":{"allow":["GET"]}}],"collection":[{"href":"https:\/\/partediario.com.ar\/index.php?rest_route=\/wp\/v2\/posts"}],"about":[{"href":"https:\/\/partediario.com.ar\/index.php?rest_route=\/wp\/v2\/types\/post"}],"author":[{"embeddable":true,"href":"https:\/\/partediario.com.ar\/index.php?rest_route=\/wp\/v2\/users\/2"}],"replies":[{"embeddable":true,"href":"https:\/\/partediario.com.ar\/index.php?rest_route=%2Fwp%2Fv2%2Fcomments&post=29635"}],"version-history":[{"count":1,"href":"https:\/\/partediario.com.ar\/index.php?rest_route=\/wp\/v2\/posts\/29635\/revisions"}],"predecessor-version":[{"id":29638,"href":"https:\/\/partediario.com.ar\/index.php?rest_route=\/wp\/v2\/posts\/29635\/revisions\/29638"}],"wp:featuredmedia":[{"embeddable":true,"href":"https:\/\/partediario.com.ar\/index.php?rest_route=\/wp\/v2\/media\/29637"}],"wp:attachment":[{"href":"https:\/\/partediario.com.ar\/index.php?rest_route=%2Fwp%2Fv2%2Fmedia&parent=29635"}],"wp:term":[{"taxonomy":"category","embeddable":true,"href":"https:\/\/partediario.com.ar\/index.php?rest_route=%2Fwp%2Fv2%2Fcategories&post=29635"},{"taxonomy":"post_tag","embeddable":true,"href":"https:\/\/partediario.com.ar\/index.php?rest_route=%2Fwp%2Fv2%2Ftags&post=29635"}],"curies":[{"name":"wp","href":"https:\/\/api.w.org\/{rel}","templated":true}]}}