{"id":2964,"date":"2024-06-20T13:50:01","date_gmt":"2024-06-20T16:50:01","guid":{"rendered":"https:\/\/partediario.com.ar\/?p=2964"},"modified":"2024-06-20T13:50:03","modified_gmt":"2024-06-20T16:50:03","slug":"la-municipalidad-de-parana-lleva-a-cabo-operativos-nocturnos-de-limpieza","status":"publish","type":"post","link":"https:\/\/partediario.com.ar\/?p=2964","title":{"rendered":"La Municipalidad de Paran\u00e1 lleva a cabo operativos nocturnos de limpieza"},"content":{"rendered":"\n<p><strong>El primer operativo nocturno se realiz\u00f3 en la zona de la Terminal de \u00d3mnibus y abarc\u00f3 un radio de 30 cuadras. Habr\u00e1 efectivizar\u00e1n intervenciones semanales. El objetivo es realizar una limpieza profunda y no entorpecer el tr\u00e1nsito vehicular durante las horas pico.<\/strong><\/p>\n\n\n\n<p>\u201cIniciamos estas intervenciones nocturnas por pedido de la intendenta Rosario Romero. Son muchas las hojas que se juntan en esta \u00e9poca del a\u00f1o y con el tr\u00e1nsito en horas pico es complicado realizar este trabajo\u00bb, expres\u00f3 el secretario de Servicios P\u00fablicos, Juli\u00e1n Hirschfeld. Y a\u00f1adi\u00f3 que diariamente se hacen este tipo de tareas, pero que la intenci\u00f3n es \u00abconcretar una labor m\u00e1s profunda, por ejemplo, en el desmalezado de ochavas y la limpieza de los cordones, que muchas veces se dificulta por la gran cantidad de autos estacionados\u00bb.<\/p>\n\n\n\n<p>Hirschfeld comunic\u00f3 adem\u00e1s, que este tipo de intervenciones se realizan dos veces por semana y en distintos puntos de la ciudad. En breve se trabajar\u00e1 en zona de calle Catamarca, despu\u00e9s en Alameda de la Federaci\u00f3n y luego m\u00e1s all\u00e1 de los bulevares.<\/p>\n\n\n\n<p>\u201cEl objetivo de la gesti\u00f3n de la intendenta Romero es contar con una ciudad limpia y ordenada. Estamos trabajando fuerte para eso\u201d, finaliz\u00f3 el funcionario.<\/p>\n\n\n\n<p>Desde la Municipalidad se solicita colaboraci\u00f3n a los vecinos para mantener limpios y ordenados los espacios p\u00fablicos y calles de la ciudad.<\/p>\n","protected":false},"excerpt":{"rendered":"<p>El primer operativo nocturno se realiz&oacute; en la zona de la Terminal de &Oacute;mnibus y abarc&oacute; un radio de 30 cuadras. Habr&aacute; efectivizar&aacute;n intervenciones semanales. El objetivo es realizar una limpieza profunda y no entorpecer el tr&aacute;nsito vehicular durante las horas pico. &ldquo;Iniciamos estas intervenciones nocturnas por pedido de la intendenta Rosario Romero. Son muchas [&hellip;]<\/p>\n","protected":false},"author":2,"featured_media":2965,"comment_status":"open","ping_status":"open","sticky":false,"template":"","format":"standard","meta":{"footnotes":""},"categories":[6],"tags":[719,717,210,718,716,265,242],"class_list":["post-2964","post","type-post","status-publish","format-standard","has-post-thumbnail","hentry","category-locales","tag-julian-hirschfeld","tag-limpieza","tag-municipalidad","tag-nocturnos","tag-operativos","tag-parana","tag-rosario-romero"],"_links":{"self":[{"href":"https:\/\/partediario.com.ar\/index.php?rest_route=\/wp\/v2\/posts\/2964","targetHints":{"allow":["GET"]}}],"collection":[{"href":"https:\/\/partediario.com.ar\/index.php?rest_route=\/wp\/v2\/posts"}],"about":[{"href":"https:\/\/partediario.com.ar\/index.php?rest_route=\/wp\/v2\/types\/post"}],"author":[{"embeddable":true,"href":"https:\/\/partediario.com.ar\/index.php?rest_route=\/wp\/v2\/users\/2"}],"replies":[{"embeddable":true,"href":"https:\/\/partediario.com.ar\/index.php?rest_route=%2Fwp%2Fv2%2Fcomments&post=2964"}],"version-history":[{"count":1,"href":"https:\/\/partediario.com.ar\/index.php?rest_route=\/wp\/v2\/posts\/2964\/revisions"}],"predecessor-version":[{"id":2966,"href":"https:\/\/partediario.com.ar\/index.php?rest_route=\/wp\/v2\/posts\/2964\/revisions\/2966"}],"wp:featuredmedia":[{"embeddable":true,"href":"https:\/\/partediario.com.ar\/index.php?rest_route=\/wp\/v2\/media\/2965"}],"wp:attachment":[{"href":"https:\/\/partediario.com.ar\/index.php?rest_route=%2Fwp%2Fv2%2Fmedia&parent=2964"}],"wp:term":[{"taxonomy":"category","embeddable":true,"href":"https:\/\/partediario.com.ar\/index.php?rest_route=%2Fwp%2Fv2%2Fcategories&post=2964"},{"taxonomy":"post_tag","embeddable":true,"href":"https:\/\/partediario.com.ar\/index.php?rest_route=%2Fwp%2Fv2%2Ftags&post=2964"}],"curies":[{"name":"wp","href":"https:\/\/api.w.org\/{rel}","templated":true}]}}