{"id":29644,"date":"2025-11-16T08:50:49","date_gmt":"2025-11-16T11:50:49","guid":{"rendered":"https:\/\/partediario.com.ar\/?p=29644"},"modified":"2025-11-17T19:29:03","modified_gmt":"2025-11-17T22:29:03","slug":"bullrich-elogio-la-condena-a-cesar-sena-y-apunto-contra-el-poder-feudal-de-la-familia-en-chaco","status":"publish","type":"post","link":"https:\/\/partediario.com.ar\/?p=29644","title":{"rendered":"Bullrich elogi\u00f3 la condena a C\u00e9sar Sena y apunt\u00f3 contra el poder \u201cfeudal\u201d de la familia en Chaco"},"content":{"rendered":"\n<h2 class=\"wp-block-heading\">La ministra de Seguridad, Patricia Bullrich, celebr\u00f3 hoy la condena a C\u00e9sar Sena como autor material del femicidio de Cecilia Strzyzowski, y el fallo que consider\u00f3 responsables a Emerenciano Sena y Marcela Acu\u00f1a como part\u00edcipes necesarios del crimen.<\/h2>\n\n\n\n<p>\u201cSe hizo justicia. Y la justicia, cuando llega, tiene que ser clara y ejemplar\u201d, expres\u00f3 la funcionaria al reaccionar al veredicto del tribunal chaque\u00f1o.<\/p>\n\n\n\n<p>Bullrich record\u00f3 su visita al barrio de la familia Sena y volvi\u00f3 a cuestionar su estructura de poder territorial. \u201cEstuve en el barrio de los Sena. Feudales, due\u00f1os del territorio y de la vida de la gente. As\u00ed se sent\u00edan\u201d, asegur\u00f3.<\/p>\n\n\n\n<p><\/p>\n\n\n\n<blockquote class=\"twitter-tweet\"><p lang=\"es\" dir=\"ltr\">Se hizo justicia. Y la justicia, cuando llega, tiene que ser clara y ejemplar.<br><br>Estuve en el barrio de los Sena. Feudales, due\u00f1os del territorio y de la vida de la gente. As\u00ed se sent\u00edan.<br><br>A Cecilia Strzyzowski la asesinaron y la quemaron durante horas. Creyeron que la protecci\u00f3n\u2026 <a href=\"https:\/\/t.co\/fWZPzp5E7h\">https:\/\/t.co\/fWZPzp5E7h<\/a><\/p>&mdash; Patricia Bullrich (@PatoBullrich) <a href=\"https:\/\/twitter.com\/PatoBullrich\/status\/1989765212833026320?ref_src=twsrc%5Etfw\">November 15, 2025<\/a><\/blockquote> <script async src=\"https:\/\/platform.twitter.com\/widgets.js\" charset=\"utf-8\"><\/script>\n\n\n\n<p><\/p>\n\n\n\n<p>La ministra destac\u00f3 adem\u00e1s la brutalidad del crimen: \u201cA Cecilia Strzyzowski la asesinaron y la quemaron durante horas. Creyeron que la protecci\u00f3n pol\u00edtica y el silencio de cierto \u2018feminismo\u2019 los iba a salvar\u201d.<\/p>\n\n\n\n<p>\u201cNo los salv\u00f3 nada. Fueron acusados. Van presos\u201d, destac\u00f3 en redes sociales.<\/p>\n\n\n\n<p>#ParteDiario<\/p>\n","protected":false},"excerpt":{"rendered":"<p>La ministra de Seguridad, Patricia Bullrich, celebr&oacute; hoy la condena a C&eacute;sar Sena como autor material del femicidio de Cecilia Strzyzowski, y el fallo que consider&oacute; responsables a Emerenciano Sena y Marcela Acu&ntilde;a como part&iacute;cipes necesarios del crimen. &ldquo;Se hizo justicia. Y la justicia, cuando llega, tiene que ser clara y ejemplar&rdquo;, expres&oacute; la funcionaria [&hellip;]<\/p>\n","protected":false},"author":2,"featured_media":29645,"comment_status":"closed","ping_status":"closed","sticky":false,"template":"","format":"standard","meta":{"footnotes":""},"categories":[979,5,176],"tags":[7146,653,7144,510,7145],"class_list":["post-29644","post","type-post","status-publish","format-standard","has-post-thumbnail","hentry","category-judiciales","category-nacionales","category-politica","tag-cecilia-strzyzowski","tag-chaco","tag-clan","tag-patricia-bullrich","tag-sena"],"_links":{"self":[{"href":"https:\/\/partediario.com.ar\/index.php?rest_route=\/wp\/v2\/posts\/29644","targetHints":{"allow":["GET"]}}],"collection":[{"href":"https:\/\/partediario.com.ar\/index.php?rest_route=\/wp\/v2\/posts"}],"about":[{"href":"https:\/\/partediario.com.ar\/index.php?rest_route=\/wp\/v2\/types\/post"}],"author":[{"embeddable":true,"href":"https:\/\/partediario.com.ar\/index.php?rest_route=\/wp\/v2\/users\/2"}],"replies":[{"embeddable":true,"href":"https:\/\/partediario.com.ar\/index.php?rest_route=%2Fwp%2Fv2%2Fcomments&post=29644"}],"version-history":[{"count":2,"href":"https:\/\/partediario.com.ar\/index.php?rest_route=\/wp\/v2\/posts\/29644\/revisions"}],"predecessor-version":[{"id":29647,"href":"https:\/\/partediario.com.ar\/index.php?rest_route=\/wp\/v2\/posts\/29644\/revisions\/29647"}],"wp:featuredmedia":[{"embeddable":true,"href":"https:\/\/partediario.com.ar\/index.php?rest_route=\/wp\/v2\/media\/29645"}],"wp:attachment":[{"href":"https:\/\/partediario.com.ar\/index.php?rest_route=%2Fwp%2Fv2%2Fmedia&parent=29644"}],"wp:term":[{"taxonomy":"category","embeddable":true,"href":"https:\/\/partediario.com.ar\/index.php?rest_route=%2Fwp%2Fv2%2Fcategories&post=29644"},{"taxonomy":"post_tag","embeddable":true,"href":"https:\/\/partediario.com.ar\/index.php?rest_route=%2Fwp%2Fv2%2Ftags&post=29644"}],"curies":[{"name":"wp","href":"https:\/\/api.w.org\/{rel}","templated":true}]}}