{"id":29656,"date":"2025-11-16T09:07:36","date_gmt":"2025-11-16T12:07:36","guid":{"rendered":"https:\/\/partediario.com.ar\/?p=29656"},"modified":"2025-11-17T19:28:52","modified_gmt":"2025-11-17T22:28:52","slug":"chaco-cadena-perpetua-para-el-clan-sena","status":"publish","type":"post","link":"https:\/\/partediario.com.ar\/?p=29656","title":{"rendered":"Chaco: cadena perpetua para el Clan Sena"},"content":{"rendered":"\n<h2 class=\"wp-block-heading\">El jurado popular declar\u00f3 culpable a seis de los siete acusados por el femicidio de Cecilia Strzyzowski, la \u00fanica declarada \u201cno culpable\u201d fue Griselda Reinoso que qued\u00f3 en libertad en forma inmediata.<\/h2>\n\n\n\n<p>Seg\u00fan se conoci\u00f3, las imputaciones por el caso se dieron a conocer en la tarde de ayer viernes y los miembros del jurado concluyeron su labor frente al tribunal.<\/p>\n\n\n\n<p>Finalmente y tras varias horas de deliberaci\u00f3n, el principal imputado fue C\u00e9sar Sena que fue declarado culpable por el femicidio, mientras que su padre, Emerenciano Sena, obtuvo su culpabilidad por part\u00edcipe necesario y la madre del joven, Marcela Acu\u00f1a, lo fue en car\u00e1cter de part\u00edcipe primaria. El clan fue condenado a Cadena Perpetua.<\/p>\n\n\n\n<p>Mientras que Gustavo Obreg\u00f3n fue declarado culpable por encubrimiento al igual que Gustavo Melgarejo y Fabiana Gonz\u00e1lez, quien adem\u00e1s recibi\u00f3 un agravante.<\/p>\n\n\n\n<p>\u00abEn los pr\u00f3ximos d\u00edas se fijar\u00e1 la audiencia de cesura\u00bb, precis\u00f3 en di\u00e1logo con la prensa Gustavo Briend, abogado de Gloria Romero -madre de la damnificada-.<\/p>\n\n\n\n<p>Por su parte, Ricardo Osuna, uno de los defensores de Emerenciano, convers\u00f3 con NA y confirm\u00f3 que va a apelar: \u00abMi cliente est\u00e1 normal, era una de las posibilidades del veredicto\u00bb, destac\u00f3.<\/p>\n\n\n\n<p>El letrado acot\u00f3 que Acu\u00f1a \u00abest\u00e1 tranquila\u00bb porque \u00abya sab\u00eda\u00bb que el jurado iba a declarar su culpabilidad.<\/p>\n\n\n\n<p>#ParteDiario<\/p>\n","protected":false},"excerpt":{"rendered":"<p>El jurado popular declar&oacute; culpable a seis de los siete acusados por el femicidio de Cecilia Strzyzowski, la &uacute;nica declarada &ldquo;no culpable&rdquo; fue Griselda Reinoso que qued&oacute; en libertad en forma inmediata. Seg&uacute;n se conoci&oacute;, las imputaciones por el caso se dieron a conocer en la tarde de ayer viernes y los miembros del jurado [&hellip;]<\/p>\n","protected":false},"author":2,"featured_media":29657,"comment_status":"closed","ping_status":"closed","sticky":false,"template":"","format":"standard","meta":{"footnotes":""},"categories":[979,5,726],"tags":[4545,7146,653,7144,7148,4208,7145],"class_list":["post-29656","post","type-post","status-publish","format-standard","has-post-thumbnail","hentry","category-judiciales","category-nacionales","category-sociedad","tag-cadena","tag-cecilia-strzyzowski","tag-chaco","tag-clan","tag-culpables","tag-perpetua","tag-sena"],"_links":{"self":[{"href":"https:\/\/partediario.com.ar\/index.php?rest_route=\/wp\/v2\/posts\/29656","targetHints":{"allow":["GET"]}}],"collection":[{"href":"https:\/\/partediario.com.ar\/index.php?rest_route=\/wp\/v2\/posts"}],"about":[{"href":"https:\/\/partediario.com.ar\/index.php?rest_route=\/wp\/v2\/types\/post"}],"author":[{"embeddable":true,"href":"https:\/\/partediario.com.ar\/index.php?rest_route=\/wp\/v2\/users\/2"}],"replies":[{"embeddable":true,"href":"https:\/\/partediario.com.ar\/index.php?rest_route=%2Fwp%2Fv2%2Fcomments&post=29656"}],"version-history":[{"count":2,"href":"https:\/\/partediario.com.ar\/index.php?rest_route=\/wp\/v2\/posts\/29656\/revisions"}],"predecessor-version":[{"id":29659,"href":"https:\/\/partediario.com.ar\/index.php?rest_route=\/wp\/v2\/posts\/29656\/revisions\/29659"}],"wp:featuredmedia":[{"embeddable":true,"href":"https:\/\/partediario.com.ar\/index.php?rest_route=\/wp\/v2\/media\/29657"}],"wp:attachment":[{"href":"https:\/\/partediario.com.ar\/index.php?rest_route=%2Fwp%2Fv2%2Fmedia&parent=29656"}],"wp:term":[{"taxonomy":"category","embeddable":true,"href":"https:\/\/partediario.com.ar\/index.php?rest_route=%2Fwp%2Fv2%2Fcategories&post=29656"},{"taxonomy":"post_tag","embeddable":true,"href":"https:\/\/partediario.com.ar\/index.php?rest_route=%2Fwp%2Fv2%2Ftags&post=29656"}],"curies":[{"name":"wp","href":"https:\/\/api.w.org\/{rel}","templated":true}]}}