{"id":29660,"date":"2025-11-16T09:13:52","date_gmt":"2025-11-16T12:13:52","guid":{"rendered":"https:\/\/partediario.com.ar\/?p=29660"},"modified":"2025-11-17T19:28:49","modified_gmt":"2025-11-17T22:28:49","slug":"causa-cuadernos-los-jueces-toman-nota-de-las-criticas-y-responden-duplicando-las-audiencias-semanales","status":"publish","type":"post","link":"https:\/\/partediario.com.ar\/?p=29660","title":{"rendered":"Causa Cuadernos: los jueces toman nota de las cr\u00edticas y responden duplicando las audiencias semanales"},"content":{"rendered":"\n<h2 class=\"wp-block-heading\">El Tribunal Oral Federal N.\u00ba 7 (TOF 7), a cargo del juicio por los Cuadernos de las Coimas, contest\u00f3 este jueves a las fuertes cr\u00edticas por la lentitud del proceso y confirm\u00f3 que sumar\u00e1 una segunda audiencia semanal a partir del pr\u00f3ximo 25 de noviembre.<\/h2>\n\n\n\n<p>Seg\u00fan trascendi\u00f3, los jueces Enrique M\u00e9ndez Signori, Fernando Canero y Germ\u00e1n Castelli tomaron nota sobre los reclamos de \u00abfalta de celeridad\u00bb provenientes de sus superiores en la C\u00e1mara de Casaci\u00f3n Penal.<\/p>\n\n\n\n<p>En una extensa resoluci\u00f3n de 14 p\u00e1ginas le\u00edda al inicio de la audiencia del jueves 9, los magistrados contraatacaron y lanzaron duras cr\u00edticas a la Corte Suprema, al Consejo de la Magistratura y a la propia C\u00e1mara de Casaci\u00f3n.<\/p>\n\n\n\n<p>\u00abEllos vienen pidiendo ayuda (\u2026) desde 2019, hace 6 a\u00f1os, y que no fueron o\u00eddos\u00bb, indica el informe. Los jueces explicaron un \u00abextenso listado de carencias y reclamos insatisfechos\u00bb, como la falta de empleados y de espacio f\u00edsico.<\/p>\n\n\n\n<p>A pesar de que la Casaci\u00f3n les ofreci\u00f3 la sala del juicio AMIA en Comodoro Py, los jueces del TOF 7 la rechazaron por \u00abdos problemas insolubles\u00bb: las remodelaciones no est\u00e1n terminadas y ellos no tienen oficinas en ese edificio.<\/p>\n\n\n\n<p><strong>Solicitan la sala del Juicio a las Juntas<\/strong><\/p>\n\n\n\n<p>Para cumplir con la mayor presencialidad exigida, el tribunal solicit\u00f3 a la Corte Suprema la autorizaci\u00f3n para utilizar la hist\u00f3rica \u00abSala de Derechos Humanos\u00bb, ubicada en el Palacio de Tribunales de la calle Talcahuano, seg\u00fan el dato del periodista Hern\u00e1n Cappiello en La Naci\u00f3n,<\/p>\n\n\n\n<p>Se trata de la imponente sala revestida en boiserie donde \u00abse realiz\u00f3 el juicio a las Juntas Militares\u00bb, como as\u00ed tambi\u00e9n el debate por la tragedia de Croma\u00f1\u00f3n.<\/p>\n\n\n\n<p>El TOF 7, que hab\u00eda previsto sumar una segunda audiencia reci\u00e9n en marzo, resolvi\u00f3 adelantarla al 25 de noviembre. Adem\u00e1s, dispuso que, si bien el inicio fue por Zoom, las declaraciones indagatorias de los 87 acusados se realizar\u00e1n de manera \u00abh\u00edbrida\u00bb (semipresencial) en esta sala especial.<\/p>\n\n\n\n<p>#ParteDiario<\/p>\n","protected":false},"excerpt":{"rendered":"<p>El Tribunal Oral Federal N.&ordm; 7 (TOF 7), a cargo del juicio por los Cuadernos de las Coimas, contest&oacute; este jueves a las fuertes cr&iacute;ticas por la lentitud del proceso y confirm&oacute; que sumar&aacute; una segunda audiencia semanal a partir del pr&oacute;ximo 25 de noviembre. Seg&uacute;n trascendi&oacute;, los jueces Enrique M&eacute;ndez Signori, Fernando Canero y [&hellip;]<\/p>\n","protected":false},"author":2,"featured_media":29661,"comment_status":"closed","ping_status":"closed","sticky":false,"template":"","format":"standard","meta":{"footnotes":""},"categories":[979,5,176],"tags":[7150,4359,1461,6166,7149,7151],"class_list":["post-29660","post","type-post","status-publish","format-standard","has-post-thumbnail","hentry","category-judiciales","category-nacionales","category-politica","tag-audiencias","tag-causa","tag-criticas","tag-cuadernos","tag-duplicacion","tag-tribunal-oral-federal-n-o-7"],"_links":{"self":[{"href":"https:\/\/partediario.com.ar\/index.php?rest_route=\/wp\/v2\/posts\/29660","targetHints":{"allow":["GET"]}}],"collection":[{"href":"https:\/\/partediario.com.ar\/index.php?rest_route=\/wp\/v2\/posts"}],"about":[{"href":"https:\/\/partediario.com.ar\/index.php?rest_route=\/wp\/v2\/types\/post"}],"author":[{"embeddable":true,"href":"https:\/\/partediario.com.ar\/index.php?rest_route=\/wp\/v2\/users\/2"}],"replies":[{"embeddable":true,"href":"https:\/\/partediario.com.ar\/index.php?rest_route=%2Fwp%2Fv2%2Fcomments&post=29660"}],"version-history":[{"count":1,"href":"https:\/\/partediario.com.ar\/index.php?rest_route=\/wp\/v2\/posts\/29660\/revisions"}],"predecessor-version":[{"id":29662,"href":"https:\/\/partediario.com.ar\/index.php?rest_route=\/wp\/v2\/posts\/29660\/revisions\/29662"}],"wp:featuredmedia":[{"embeddable":true,"href":"https:\/\/partediario.com.ar\/index.php?rest_route=\/wp\/v2\/media\/29661"}],"wp:attachment":[{"href":"https:\/\/partediario.com.ar\/index.php?rest_route=%2Fwp%2Fv2%2Fmedia&parent=29660"}],"wp:term":[{"taxonomy":"category","embeddable":true,"href":"https:\/\/partediario.com.ar\/index.php?rest_route=%2Fwp%2Fv2%2Fcategories&post=29660"},{"taxonomy":"post_tag","embeddable":true,"href":"https:\/\/partediario.com.ar\/index.php?rest_route=%2Fwp%2Fv2%2Ftags&post=29660"}],"curies":[{"name":"wp","href":"https:\/\/api.w.org\/{rel}","templated":true}]}}