{"id":29663,"date":"2025-11-16T09:20:15","date_gmt":"2025-11-16T12:20:15","guid":{"rendered":"https:\/\/partediario.com.ar\/?p=29663"},"modified":"2025-11-17T19:28:45","modified_gmt":"2025-11-17T22:28:45","slug":"el-pueblo-chileno-a-votacion-por-un-nuevo-presidente","status":"publish","type":"post","link":"https:\/\/partediario.com.ar\/?p=29663","title":{"rendered":"El pueblo chileno a votaci\u00f3n por un nuevo Presidente"},"content":{"rendered":"\n<h2 class=\"wp-block-heading\">La ciudadan\u00eda chilena inclu\u00edda en un padr\u00f3n de 15.770.000 personas, votar\u00e1 hoy por uno de los ocho candidatos a la presidencia de la naci\u00f3n.<\/h2>\n\n\n\n<p>Las encuestas precisan que existe polarizaci\u00f3n y marcan de antemano que la candidata del oficialismo, Jeanette Jara, pasar\u00eda a una segunda vuelta con alguno de sus contrincantes, ya que parte con una expectativa de sumar el 30% de los votos.<\/p>\n\n\n\n<p>Sin embargo, ese n\u00famero no le alcanza para lograr la victoria, ya que en Chile se necesita un 50% para ganar en la primera vuelta.<\/p>\n\n\n\n<p>En segundo lugar, se posiciona el insistente exdiputado de ultraderecha Jos\u00e9 Antonio Kast, por lo que ambos probablemente pasar\u00edan a una segunda vuelta.<\/p>\n\n\n\n<p>Otros candidatos que podr\u00edan acercarse son diferentes exponentes de la derecha, como Evelyn Mathei o Johannes Kaiser, un libertario descendiente de alemanes que rompi\u00f3 con Kast, otro pol\u00edtico con reminisencias germanas, hijo de un un militante del partido nazi teut\u00f3n.<\/p>\n\n\n\n<p>La seguridad, la criminalidad y el narcotr\u00e1fico son las preocupaciones de los ciudadanos chilenos y por lo tanto, los temas principales de campa\u00f1a, seg\u00fan se\u00f1alaron distintos medios informativos internacionales.<\/p>\n\n\n\n<p>\u201cEn mi Gobierno habr\u00e1 mayor seguridad en los barrios. Adem\u00e1s, vamos a tirar del hilo donde m\u00e1s les duele (a los delincuentes): la ruta del dinero sucio\u201d, indic\u00f3 Jara en campa\u00f1a. Tambi\u00e9n prometi\u00f3 que cada familia chilena \u201cllegue tranquila a fin de mes\u201d, en materia econ\u00f3mica.<\/p>\n\n\n\n<p>Mientras que Kast, que va por \u201cla tercera y la vencida\u201d intentona, promete \u201cel cambio\u201d, el otro descendiente de alemanes, Johannes Kaiser Barents-von Hohenhagen, libertario, sorprendi\u00f3 con la propuesta de generar expulsiones y operativos con paso previo por \u201ccampos de reconducci\u00f3n o campamento muy cerca de la frontera con Bolivia\u201d, de acuerdo con un reporte de la agencia de noticias Xinhua.<\/p>\n\n\n\n<p>Ese hombre anticip\u00f3 que incluso busca hablar con el presidente de El Salvador, Nayib Bukele, para enviar presos a la megac\u00e1rcel del pa\u00eds centroamericano.<\/p>\n\n\n\n<p>Franco Parisi, del Partido de la Gente (una alternativa populista\/antisistema) y Marco Enr\u00edquez-Ominami (ME-O), que va como independiente en su quinta carrera por el Poder Ejecutivo, son otros candidatos, de acuerdo a un informe de Newsweek Argentina. Harold Mayne-Nicholls, ex dirigente deportivo, se presenta como independiente con un discurso moderado y Eduardo Art\u00e9s, una opci\u00f3n de izquierda m\u00e1s radical, que ya compiti\u00f3 en otras elecciones, suman en la grilla.<\/p>\n\n\n\n<p>#ParteDiario<\/p>\n","protected":false},"excerpt":{"rendered":"<p>La ciudadan&iacute;a chilena inclu&iacute;da en un padr&oacute;n de 15.770.000 personas, votar&aacute; hoy por uno de los ocho candidatos a la presidencia de la naci&oacute;n. Las encuestas precisan que existe polarizaci&oacute;n y marcan de antemano que la candidata del oficialismo, Jeanette Jara, pasar&iacute;a a una segunda vuelta con alguno de sus contrincantes, ya que parte con [&hellip;]<\/p>\n","protected":false},"author":2,"featured_media":29665,"comment_status":"closed","ping_status":"closed","sticky":false,"template":"","format":"standard","meta":{"footnotes":""},"categories":[9,176],"tags":[567,1955],"class_list":["post-29663","post","type-post","status-publish","format-standard","has-post-thumbnail","hentry","category-internacionales","category-politica","tag-chile","tag-elecciones"],"_links":{"self":[{"href":"https:\/\/partediario.com.ar\/index.php?rest_route=\/wp\/v2\/posts\/29663","targetHints":{"allow":["GET"]}}],"collection":[{"href":"https:\/\/partediario.com.ar\/index.php?rest_route=\/wp\/v2\/posts"}],"about":[{"href":"https:\/\/partediario.com.ar\/index.php?rest_route=\/wp\/v2\/types\/post"}],"author":[{"embeddable":true,"href":"https:\/\/partediario.com.ar\/index.php?rest_route=\/wp\/v2\/users\/2"}],"replies":[{"embeddable":true,"href":"https:\/\/partediario.com.ar\/index.php?rest_route=%2Fwp%2Fv2%2Fcomments&post=29663"}],"version-history":[{"count":2,"href":"https:\/\/partediario.com.ar\/index.php?rest_route=\/wp\/v2\/posts\/29663\/revisions"}],"predecessor-version":[{"id":29667,"href":"https:\/\/partediario.com.ar\/index.php?rest_route=\/wp\/v2\/posts\/29663\/revisions\/29667"}],"wp:featuredmedia":[{"embeddable":true,"href":"https:\/\/partediario.com.ar\/index.php?rest_route=\/wp\/v2\/media\/29665"}],"wp:attachment":[{"href":"https:\/\/partediario.com.ar\/index.php?rest_route=%2Fwp%2Fv2%2Fmedia&parent=29663"}],"wp:term":[{"taxonomy":"category","embeddable":true,"href":"https:\/\/partediario.com.ar\/index.php?rest_route=%2Fwp%2Fv2%2Fcategories&post=29663"},{"taxonomy":"post_tag","embeddable":true,"href":"https:\/\/partediario.com.ar\/index.php?rest_route=%2Fwp%2Fv2%2Ftags&post=29663"}],"curies":[{"name":"wp","href":"https:\/\/api.w.org\/{rel}","templated":true}]}}