{"id":29669,"date":"2025-11-17T18:40:15","date_gmt":"2025-11-17T21:40:15","guid":{"rendered":"https:\/\/partediario.com.ar\/?p=29669"},"modified":"2025-11-18T19:17:32","modified_gmt":"2025-11-18T22:17:32","slug":"milei-festejo-el-superavit-primario-y-financiero-conseguido-en-el-mes-de-las-elecciones","status":"publish","type":"post","link":"https:\/\/partediario.com.ar\/?p=29669","title":{"rendered":"Milei festej\u00f3 el super\u00e1vit primario y financiero conseguido en el mes de las elecciones"},"content":{"rendered":"\n<h2 class=\"wp-block-heading\">El presidente Javier Milei celebr\u00f3 el dato que la Argentina logr\u00f3 mantener el super\u00e1vit financiero y primario en octubre pasado, el mes de las elecciones legislativas, y se\u00f1al\u00f3 en sus redes: \u00abEl ancla de hierro\u00bb.<\/h2>\n\n\n\n<p>\u00abEsto se ha dado en el momento m\u00e1s intenso de la campa\u00f1a electoral\u2026 MAGA. Fin. PD: si vieras que linda, est\u00e1 la Argentina\u2026 ya se est\u00e1 limpiando todos los vicios de los populistas\u2026\u00bb, a\u00f1adi\u00f3 el mandatario en su cuenta de X.<\/p>\n\n\n\n<p>El excedente primario en el Sector P\u00fablico Nacional (SPN) fue el mes pasado de $823.925 millones y el financiero de $517.672 millones, inform\u00f3 el Ministerio de Econom\u00eda, constat\u00f3 la Agencia Noticias Argentinas.<\/p>\n\n\n\n<p>Al respecto Luis Caputo, detall\u00f3 que en los primeros diez meses de 2025 el super\u00e1vit primario fue de 1,4% del PIB y el financiero de 0,5% aproximadamente.<\/p>\n\n\n\n<p>#ParteDiario<\/p>\n","protected":false},"excerpt":{"rendered":"<p>El presidente Javier Milei celebr&oacute; el dato que la Argentina logr&oacute; mantener el super&aacute;vit financiero y primario en octubre pasado, el mes de las elecciones legislativas, y se&ntilde;al&oacute; en sus redes: &laquo;El ancla de hierro&raquo;. &laquo;Esto se ha dado en el momento m&aacute;s intenso de la campa&ntilde;a electoral&hellip; MAGA. Fin. PD: si vieras que linda, [&hellip;]<\/p>\n","protected":false},"author":2,"featured_media":29670,"comment_status":"closed","ping_status":"closed","sticky":false,"template":"","format":"standard","meta":{"footnotes":""},"categories":[5,176],"tags":[1100,232,792,2738],"class_list":["post-29669","post","type-post","status-publish","format-standard","has-post-thumbnail","hentry","category-nacionales","category-politica","tag-fiscal","tag-javier-milei","tag-luis-caputo","tag-superavit"],"_links":{"self":[{"href":"https:\/\/partediario.com.ar\/index.php?rest_route=\/wp\/v2\/posts\/29669","targetHints":{"allow":["GET"]}}],"collection":[{"href":"https:\/\/partediario.com.ar\/index.php?rest_route=\/wp\/v2\/posts"}],"about":[{"href":"https:\/\/partediario.com.ar\/index.php?rest_route=\/wp\/v2\/types\/post"}],"author":[{"embeddable":true,"href":"https:\/\/partediario.com.ar\/index.php?rest_route=\/wp\/v2\/users\/2"}],"replies":[{"embeddable":true,"href":"https:\/\/partediario.com.ar\/index.php?rest_route=%2Fwp%2Fv2%2Fcomments&post=29669"}],"version-history":[{"count":2,"href":"https:\/\/partediario.com.ar\/index.php?rest_route=\/wp\/v2\/posts\/29669\/revisions"}],"predecessor-version":[{"id":29672,"href":"https:\/\/partediario.com.ar\/index.php?rest_route=\/wp\/v2\/posts\/29669\/revisions\/29672"}],"wp:featuredmedia":[{"embeddable":true,"href":"https:\/\/partediario.com.ar\/index.php?rest_route=\/wp\/v2\/media\/29670"}],"wp:attachment":[{"href":"https:\/\/partediario.com.ar\/index.php?rest_route=%2Fwp%2Fv2%2Fmedia&parent=29669"}],"wp:term":[{"taxonomy":"category","embeddable":true,"href":"https:\/\/partediario.com.ar\/index.php?rest_route=%2Fwp%2Fv2%2Fcategories&post=29669"},{"taxonomy":"post_tag","embeddable":true,"href":"https:\/\/partediario.com.ar\/index.php?rest_route=%2Fwp%2Fv2%2Ftags&post=29669"}],"curies":[{"name":"wp","href":"https:\/\/api.w.org\/{rel}","templated":true}]}}