{"id":29676,"date":"2025-11-17T19:06:42","date_gmt":"2025-11-17T22:06:42","guid":{"rendered":"https:\/\/partediario.com.ar\/?p=29676"},"modified":"2025-11-18T19:17:25","modified_gmt":"2025-11-18T22:17:25","slug":"respaldo-de-la-cta-a-aguiar-luego-de-ser-denunciado-en-la-justicia-por-supuestas-amenazas-al-orden-constitucional","status":"publish","type":"post","link":"https:\/\/partediario.com.ar\/?p=29676","title":{"rendered":"Respaldo de la CTA a Aguiar luego de ser denunciado en la Justicia por supuestas \u201camenazas al orden constitucional\u201d"},"content":{"rendered":"\n<h2 class=\"wp-block-heading\">La CTA Aut\u00f3noma respald\u00f3 hoy al secretario general de ATE Nacional, Rodolfo Aguiar, tras ser denunciado por el Ministerio de Seguridad por supuestas \u201camenazas p\u00fablicas contra el orden constitucional\u201d a dos d\u00edas del primer Paro Nacional contra la Reforma Laboral.<\/h2>\n\n\n\n<p>Para la CTA Aut\u00f3noma, el accionar de la cartera a\u00fan conducida por Patricia Bullrich es \u00abpersecutorio\u00bb y \u00abrecurre a mecanismos de amedrentamiento para tratar de disciplinar a las organizaciones de trabajadores\u00bb.<\/p>\n\n\n\n<p>\u00abEste hecho no puede interpretarse sino como un nuevo intento de criminalizar la protesta social y judicializar las leg\u00edtimas demandas de los sectores populares\u00bb, indicaron, seg\u00fan trascendi\u00f3.<\/p>\n\n\n\n<p>Advirtieron adem\u00e1s que, \u00abla utilizaci\u00f3n del aparato judicial para perseguir a dirigentes sindicales y opositores constituye una pr\u00e1ctica reiterada del Gobierno, que busca instalar el miedo, desmovilizar y quebrar la resistencia frente a un conjunto de pol\u00edticas regresivas que afectan de manera directa los derechos laborales y las condiciones de vida de millones de trabajadoras y trabajadores\u00bb.<\/p>\n\n\n\n<p>En este contexto, la CTA Aut\u00f3noma manifest\u00f3 su \u00abtotal solidaridad y su m\u00e1s en\u00e9rgico respaldo a Rodolfo Aguiar\u00bb, a la vez que rechaz\u00f3 de \u00abmanera categ\u00f3rica el accionar gubernamental\u00bb.<\/p>\n\n\n\n<p>\u00abY advertimos sobre los peligros que implica continuar con este modelo de pa\u00eds donde la protesta social se convierta en un delito y la defensa de los derechos sea castigada con persecuciones y causas penales\u00bb, se\u00f1alaron.<\/p>\n\n\n\n<p>\u00abRatificamos nuestro compromiso de acompa\u00f1ar, fortalecer y sostener todas las iniciativas necesarias para enfrentar la infame Reforma Laboral que quiere imponer el gobierno, cuyo \u00fanico objetivo es precarizar a\u00fan m\u00e1s a las y los trabajadores y pulverizar conquistas hist\u00f3ricas del movimiento obrero\u00bb, concluyeron desde la central de trabajadores.<\/p>\n\n\n\n<p>#ParteDiario<\/p>\n","protected":false},"excerpt":{"rendered":"<p>La CTA Aut&oacute;noma respald&oacute; hoy al secretario general de ATE Nacional, Rodolfo Aguiar, tras ser denunciado por el Ministerio de Seguridad por supuestas &ldquo;amenazas p&uacute;blicas contra el orden constitucional&rdquo; a dos d&iacute;as del primer Paro Nacional contra la Reforma Laboral. Para la CTA Aut&oacute;noma, el accionar de la cartera a&uacute;n conducida por Patricia Bullrich es [&hellip;]<\/p>\n","protected":false},"author":2,"featured_media":29677,"comment_status":"closed","ping_status":"closed","sticky":false,"template":"","format":"standard","meta":{"footnotes":""},"categories":[978,5,176],"tags":[227,812,1312,510,5949,1279,888],"class_list":["post-29676","post","type-post","status-publish","format-standard","has-post-thumbnail","hentry","category-gremiales","category-nacionales","category-politica","tag-cta","tag-denuncia","tag-ministerio","tag-patricia-bullrich","tag-respaldo","tag-rodolfo-aguiar","tag-seguridad"],"_links":{"self":[{"href":"https:\/\/partediario.com.ar\/index.php?rest_route=\/wp\/v2\/posts\/29676","targetHints":{"allow":["GET"]}}],"collection":[{"href":"https:\/\/partediario.com.ar\/index.php?rest_route=\/wp\/v2\/posts"}],"about":[{"href":"https:\/\/partediario.com.ar\/index.php?rest_route=\/wp\/v2\/types\/post"}],"author":[{"embeddable":true,"href":"https:\/\/partediario.com.ar\/index.php?rest_route=\/wp\/v2\/users\/2"}],"replies":[{"embeddable":true,"href":"https:\/\/partediario.com.ar\/index.php?rest_route=%2Fwp%2Fv2%2Fcomments&post=29676"}],"version-history":[{"count":2,"href":"https:\/\/partediario.com.ar\/index.php?rest_route=\/wp\/v2\/posts\/29676\/revisions"}],"predecessor-version":[{"id":29679,"href":"https:\/\/partediario.com.ar\/index.php?rest_route=\/wp\/v2\/posts\/29676\/revisions\/29679"}],"wp:featuredmedia":[{"embeddable":true,"href":"https:\/\/partediario.com.ar\/index.php?rest_route=\/wp\/v2\/media\/29677"}],"wp:attachment":[{"href":"https:\/\/partediario.com.ar\/index.php?rest_route=%2Fwp%2Fv2%2Fmedia&parent=29676"}],"wp:term":[{"taxonomy":"category","embeddable":true,"href":"https:\/\/partediario.com.ar\/index.php?rest_route=%2Fwp%2Fv2%2Fcategories&post=29676"},{"taxonomy":"post_tag","embeddable":true,"href":"https:\/\/partediario.com.ar\/index.php?rest_route=%2Fwp%2Fv2%2Ftags&post=29676"}],"curies":[{"name":"wp","href":"https:\/\/api.w.org\/{rel}","templated":true}]}}