{"id":29687,"date":"2025-11-18T18:53:46","date_gmt":"2025-11-18T21:53:46","guid":{"rendered":"https:\/\/partediario.com.ar\/?p=29687"},"modified":"2025-11-20T18:58:21","modified_gmt":"2025-11-20T21:58:21","slug":"fallecio-el-dirigente-peronista-gustavo-pata-alvarez","status":"publish","type":"post","link":"https:\/\/partediario.com.ar\/?p=29687","title":{"rendered":"Falleci\u00f3 el dirigente peronista Gustavo \u00abPata\u00bb \u00c1lvarez"},"content":{"rendered":"\n<h2 class=\"wp-block-heading\">Durante la madrugada del lunes falleci\u00f3 el dirigente Gustavo Pata \u00c1lvarez, a la edad de 54 a\u00f1os.<\/h2>\n\n\n\n<p>Escribe: V\u00edctor Gigena | Especial para La Palabra<\/p>\n\n\n\n<p>Nacido el 1\u00b0 de enero de 1971, Pata se presentaba como \u201cperonista, con ideas renovadoras, dispuesto al di\u00e1logo y el consenso. Camino con mi Biblia: la doctrina justicialista\u201d. Pas\u00f3 por distintos momentos, y algunos, a estas horas, recuerdan algunos de sus desaciertos.<\/p>\n\n\n\n<p>En mi caso, prefiero recordar que tuvo mucha intervenci\u00f3n durante la puesta en marcha del municipio de Ezeiza, durante las primeras administraciones de Alejandro Granados, y que era un independiente que interactuaba con todos los sectores, tendiendo puentes para encontrar soluciones. Fue un amigo personal y s\u00e9 de su capacidad, la sensibilidad y su bondad.<\/p>\n\n\n\n<p>Creador de la Fundaci\u00f3n Us\u00e1 el Mate, en los \u00faltimos a\u00f1os se dedic\u00f3 a la lucha contra las adicciones y contra el tr\u00e1fico de drogas, y p\u00fablicamente dec\u00eda: \u201cDe chico estuve en la calle y vi de cerca todo los peligros. Perd\u00ed amigos. Me atacaron. Vi que la droga est\u00e1 en todos lados y s\u00f3lo destruye. Esto no se soluciona con grandes anuncios, sino poniendo el cuerpo d\u00eda a d\u00eda. Hablando de frente. Previniendo.<\/p>\n\n\n\n<p>Estamos cansados de que la pol\u00edtica hable siempre desde afuera, desde el desconocimiento, por no querer involucrarse\u201d. Otra de sus pasiones m\u00e1s recientes era difundir e impulsar la econom\u00eda verde, que mezclaba el crecimiento con la inclusi\u00f3n y el cuidado del ambiente. Siempre busc\u00f3 espacios para que la pol\u00edtica no fuera una c\u00e1scara vac\u00eda y que sirviera para cambiarle la vida a la gente. Quienes tuvimos la ocasi\u00f3n de conocerlo nunca lo vamos a olvidar.<\/p>\n\n\n\n<p>#ParteDiario<\/p>\n","protected":false},"excerpt":{"rendered":"<p>Durante la madrugada del lunes falleci&oacute; el dirigente Gustavo Pata &Aacute;lvarez, a la edad de 54 a&ntilde;os. Escribe: V&iacute;ctor Gigena | Especial para La Palabra Nacido el 1&deg; de enero de 1971, Pata se presentaba como &ldquo;peronista, con ideas renovadoras, dispuesto al di&aacute;logo y el consenso. Camino con mi Biblia: la doctrina justicialista&rdquo;. Pas&oacute; por [&hellip;]<\/p>\n","protected":false},"author":2,"featured_media":29688,"comment_status":"closed","ping_status":"closed","sticky":false,"template":"","format":"standard","meta":{"footnotes":""},"categories":[5,176],"tags":[7156,4294,7155,6506],"class_list":["post-29687","post","type-post","status-publish","format-standard","has-post-thumbnail","hentry","category-nacionales","category-politica","tag-dirigente","tag-fallecio","tag-gustavo-alvarez","tag-peronista"],"_links":{"self":[{"href":"https:\/\/partediario.com.ar\/index.php?rest_route=\/wp\/v2\/posts\/29687","targetHints":{"allow":["GET"]}}],"collection":[{"href":"https:\/\/partediario.com.ar\/index.php?rest_route=\/wp\/v2\/posts"}],"about":[{"href":"https:\/\/partediario.com.ar\/index.php?rest_route=\/wp\/v2\/types\/post"}],"author":[{"embeddable":true,"href":"https:\/\/partediario.com.ar\/index.php?rest_route=\/wp\/v2\/users\/2"}],"replies":[{"embeddable":true,"href":"https:\/\/partediario.com.ar\/index.php?rest_route=%2Fwp%2Fv2%2Fcomments&post=29687"}],"version-history":[{"count":1,"href":"https:\/\/partediario.com.ar\/index.php?rest_route=\/wp\/v2\/posts\/29687\/revisions"}],"predecessor-version":[{"id":29689,"href":"https:\/\/partediario.com.ar\/index.php?rest_route=\/wp\/v2\/posts\/29687\/revisions\/29689"}],"wp:featuredmedia":[{"embeddable":true,"href":"https:\/\/partediario.com.ar\/index.php?rest_route=\/wp\/v2\/media\/29688"}],"wp:attachment":[{"href":"https:\/\/partediario.com.ar\/index.php?rest_route=%2Fwp%2Fv2%2Fmedia&parent=29687"}],"wp:term":[{"taxonomy":"category","embeddable":true,"href":"https:\/\/partediario.com.ar\/index.php?rest_route=%2Fwp%2Fv2%2Fcategories&post=29687"},{"taxonomy":"post_tag","embeddable":true,"href":"https:\/\/partediario.com.ar\/index.php?rest_route=%2Fwp%2Fv2%2Ftags&post=29687"}],"curies":[{"name":"wp","href":"https:\/\/api.w.org\/{rel}","templated":true}]}}