{"id":29690,"date":"2025-11-18T19:03:09","date_gmt":"2025-11-18T22:03:09","guid":{"rendered":"https:\/\/partediario.com.ar\/?p=29690"},"modified":"2025-11-19T19:40:14","modified_gmt":"2025-11-19T22:40:14","slug":"renuncio-una-funcionaria-nacional-ligada-al-caso-coimas-en-andis","status":"publish","type":"post","link":"https:\/\/partediario.com.ar\/?p=29690","title":{"rendered":"Renunci\u00f3 una funcionaria nacional ligada al caso coimas en ANDIS"},"content":{"rendered":"\n<h2 class=\"wp-block-heading\">El caso ANDIS gener\u00f3 movimientos imprevistos en el Gobierno nacional y en el Ministerio de Econom\u00eda. Autoridades judiciales inspeccionaron la vivienda de Ornella Calvete, directora Nacional de Desarrollo Regional y Sectorial en la Secretar\u00eda de Industria y Comercio, dependiente del Ministerio de Econom\u00eda. Durante el procedimiento incautaron alrededor de USD 700.000 y otras divisas. Present\u00f3 la renuncia.<\/h2>\n\n\n\n<p>La salida de la funcionaria se oficializ\u00f3 en las \u00faltimas horas, despu\u00e9s que reson\u00f3 en el Ministerio de Econom\u00eda el hallazgo de la Justicia en el domicilio de la involucrada. En la cartera que conduce Luis Caputo aceptaron la dimisi\u00f3n y diagramaron su reemplazo.<\/p>\n\n\n\n<p>La causa judicial que involucra a Calvete deriv\u00f3 de la pesquisa sobre presuntas irregularidades en la Agencia Nacional de Discapacidad (ANDIS). Como parte del avance de la causa, el Ministerio P\u00fablico Fiscal solicit\u00f3 una serie de allanamientos en Ciudad de Buenos Aires, donde los principales apuntados ostentaban cargos de rango medio y superior en organismos estatales. Luego de los procedimientos policiales, se conoci\u00f3 que en la propiedad de Calvete se secuestraron dinero en efectivo, documentos y dispositivos electr\u00f3nicos, hechos que alimentaron la sospecha de maniobras de corrupci\u00f3n vinculadas a contratos con proveedores p\u00fablicos y posibles retornos il\u00edcitos.<\/p>\n\n\n\n<p>Seg\u00fan los documentos, Ornella Calvete avis\u00f3 a su padre, Miguel \u00c1ngel Calvete, sobre la presencia de la polic\u00eda en la planta baja de su vivienda el 12 de septiembre de 2025. Mediante un mensaje, le manifest\u00f3: \u201cNo s\u00e9 si es por el cabeza de rodilla o qu\u00e9\u201d. Apenas intercambiaron saludos, la funcionaria indic\u00f3 que se trat\u00f3 de una falsa alarma, aunque continu\u00f3 la charla a trav\u00e9s de stickers y bromas personales. En el mismo di\u00e1logo, el padre le aconsej\u00f3 seguir instrucciones y abord\u00f3 temas vinculados a la situaci\u00f3n financiera de la firma INDECOM y la disponibilidad de \u201ccash blanco\u201d. El dictamen fiscal mostr\u00f3 que, en esa conversaci\u00f3n, Miguel \u00c1ngel Calvete sugiri\u00f3 qu\u00e9 contestar si le preguntaban por el dinero: \u201cpor si entran ac\u00e1 y me ven con mosca\u201d o \u201cdigo que me lo prest\u00f3 alguien, olvidate\u201d.<\/p>\n\n\n\n<p>Miguel \u00c1ngel Calvete es acusado de liderar una asociaci\u00f3n il\u00edcita que defraud\u00f3 al Estado por sumas multimillonarias con supuestos direccionamientos, sobreprecios y pago de sobornos en la compra de medicamentos a droguer\u00edas para la Agencia Nacional de Discapacidad (ANDIS).<\/p>\n\n\n\n<p>La importancia superlativa de los contactos familiares qued\u00f3 reflejada en otro intercambio, fechado el 10 de septiembre de 2025. All\u00ed, Calvete pregunt\u00f3 sobre una reuni\u00f3n con \u2018Claudio\u2019, vinculado a una reconocida ortopedia. Su padre le confirm\u00f3 la concreci\u00f3n del encuentro y le prometi\u00f3 obsequios si el resultado era positivo: \u201cuna lambo, una granja, lo que quieras\u201d.<\/p>\n\n\n\n<p>La Justicia determin\u00f3 la fecha y el monto exacto del secuestro en la residencia de la funcionaria. Los agentes de la fiscal\u00eda registraron el domicilio el 9 de octubre de 2025 y contabilizaron cerca de 700.000 d\u00f3lares, en diferentes monedas extranjeras. Tambi\u00e9n se recolectaron anotaciones y dispositivos electr\u00f3nicos relacionados con la pesquisa. Todos esos elementos quedaron bajo resguardo del juez que dirige el caso. La magnitud del monto incautado gener\u00f3 impacto en \u00e1reas gubernamentales y aceler\u00f3 la reacci\u00f3n pol\u00edtica, seg\u00fan reconstruy\u00f3 la redacci\u00f3n de Infobae.<\/p>\n\n\n\n<p>Fuentes del Ministerio de Econom\u00eda admitieron que el avance de la investigaci\u00f3n precipit\u00f3 la renuncia de Calvete y la b\u00fasqueda de alternativas para cubrir su puesto. No trascendieron nombres para la sucesi\u00f3n, aunque representantes de Econom\u00eda aseguraron que el \u00e1rea no interrumpi\u00f3 su funcionamiento.<\/p>\n\n\n\n<p>Por otro lado, la citaci\u00f3n judicial a Miguel \u00c1ngel Calvete gan\u00f3 notoriedad al producirse en paralelo con el esc\u00e1ndalo de la funcionaria. El art\u00edculo padre de la exfuncionaria se present\u00f3 en los tribunales federales de Comodoro Py para ser indagado, en el marco del denominado \u201ccaso ANDIS\u201d.<\/p>\n\n\n\n<p>Las autoridades judiciales aun no comunicaron avances sobre nuevas imputaciones o eventuales pedidos de mayores medidas restrictivas para los involucrados. Hasta el momento, la principal novedad se enfoc\u00f3 en la remoci\u00f3n de Calvete y en la continuidad de la pesquisa contra otros exfuncionarios y empresarios relacionados con contratos bajo sospecha.<\/p>\n\n\n\n<p>El expediente sobre ANDIS se mantiene bajo secreto parcial y suma cap\u00edtulos mientras organismos de control y la Justicia analizan cada conversaci\u00f3n, documento y registro bancario obtenido en los diferentes allanamientos.<\/p>\n","protected":false},"excerpt":{"rendered":"<p>El caso ANDIS gener&oacute; movimientos imprevistos en el Gobierno nacional y en el Ministerio de Econom&iacute;a. Autoridades judiciales inspeccionaron la vivienda de Ornella Calvete, directora Nacional de Desarrollo Regional y Sectorial en la Secretar&iacute;a de Industria y Comercio, dependiente del Ministerio de Econom&iacute;a. Durante el procedimiento incautaron alrededor de USD 700.000 y otras divisas. Present&oacute; [&hellip;]<\/p>\n","protected":false},"author":2,"featured_media":29691,"comment_status":"closed","ping_status":"closed","sticky":false,"template":"","format":"standard","meta":{"footnotes":""},"categories":[979,5,176],"tags":[1904,5514,792,7157,1682],"class_list":["post-29690","post","type-post","status-publish","format-standard","has-post-thumbnail","hentry","category-judiciales","category-nacionales","category-politica","tag-andis","tag-coimas","tag-luis-caputo","tag-ornella-calvete","tag-renuncio"],"_links":{"self":[{"href":"https:\/\/partediario.com.ar\/index.php?rest_route=\/wp\/v2\/posts\/29690","targetHints":{"allow":["GET"]}}],"collection":[{"href":"https:\/\/partediario.com.ar\/index.php?rest_route=\/wp\/v2\/posts"}],"about":[{"href":"https:\/\/partediario.com.ar\/index.php?rest_route=\/wp\/v2\/types\/post"}],"author":[{"embeddable":true,"href":"https:\/\/partediario.com.ar\/index.php?rest_route=\/wp\/v2\/users\/2"}],"replies":[{"embeddable":true,"href":"https:\/\/partediario.com.ar\/index.php?rest_route=%2Fwp%2Fv2%2Fcomments&post=29690"}],"version-history":[{"count":1,"href":"https:\/\/partediario.com.ar\/index.php?rest_route=\/wp\/v2\/posts\/29690\/revisions"}],"predecessor-version":[{"id":29692,"href":"https:\/\/partediario.com.ar\/index.php?rest_route=\/wp\/v2\/posts\/29690\/revisions\/29692"}],"wp:featuredmedia":[{"embeddable":true,"href":"https:\/\/partediario.com.ar\/index.php?rest_route=\/wp\/v2\/media\/29691"}],"wp:attachment":[{"href":"https:\/\/partediario.com.ar\/index.php?rest_route=%2Fwp%2Fv2%2Fmedia&parent=29690"}],"wp:term":[{"taxonomy":"category","embeddable":true,"href":"https:\/\/partediario.com.ar\/index.php?rest_route=%2Fwp%2Fv2%2Fcategories&post=29690"},{"taxonomy":"post_tag","embeddable":true,"href":"https:\/\/partediario.com.ar\/index.php?rest_route=%2Fwp%2Fv2%2Ftags&post=29690"}],"curies":[{"name":"wp","href":"https:\/\/api.w.org\/{rel}","templated":true}]}}