{"id":29695,"date":"2025-11-18T19:13:21","date_gmt":"2025-11-18T22:13:21","guid":{"rendered":"https:\/\/partediario.com.ar\/?p=29695"},"modified":"2025-11-25T08:58:04","modified_gmt":"2025-11-25T11:58:04","slug":"formula-1-alpine-presento-un-nuevo-diseno-para-el-gran-premio-de-las-vegas","status":"publish","type":"post","link":"https:\/\/partediario.com.ar\/?p=29695","title":{"rendered":"F\u00f3rmula 1: Alpine present\u00f3 un nuevo dise\u00f1o para el Gran Premio de Las Vegas"},"content":{"rendered":"\n<h2 class=\"wp-block-heading\">Alpine present\u00f3 este martes el dise\u00f1o especial que lucir\u00e1 en el Gran Premio de Las Vegas, apostando por un estilo completamente renovado para cerrar la temporada.<\/h2>\n\n\n\n<p>\u201cTerminando el a\u00f1o con un toque extra de rosa\u201d, comunic\u00f3 la escuder\u00eda en sus redes sociales al revelar las im\u00e1genes del A525. El auto de Pierre Gasly y Franco Colapinto adoptar\u00e1 una combinaci\u00f3n donde el rosa se vuelve protagonista absoluto, los pontones pasan a ser \u00edntegramente de ese color y las llantas incorporan adhesivos inspirados en una ruleta de casino, con letras que forman la frase Casino Mood..<\/p>\n\n\n\n<p>Este livery especial no ser\u00e1 exclusivo de Las Vegas, sino que adem\u00e1s se utilizar\u00e1 en Qatar y Abu Dhabi, completando la \u00faltima triple fecha del calendario. Pese a ubicarse en el \u00faltimo lugar del campeonato de constructores, Alpine llega a Estados Unidos con sensaciones positivas tras el fin de semana en Brasil.<\/p>\n\n\n\n<p>Las Vegas representa uno de los escenarios m\u00e1s emblem\u00e1ticos del calendario y tanto Colapinto como Gasly remarcan lo especial que es competir en el famoso Strip, un privilegio reservado para pocos pilotos en la historia.<\/p>\n\n\n\n<p>El Gran Premio de Las Vegas se llevar\u00e1 a cabo este fin de semana y su gran carrera ser\u00e1 el domingo a la 1 de la madrugada (hora argentina).<\/p>\n","protected":false},"excerpt":{"rendered":"<p>Alpine present&oacute; este martes el dise&ntilde;o especial que lucir&aacute; en el Gran Premio de Las Vegas, apostando por un estilo completamente renovado para cerrar la temporada. &ldquo;Terminando el a&ntilde;o con un toque extra de rosa&rdquo;, comunic&oacute; la escuder&iacute;a en sus redes sociales al revelar las im&aacute;genes del A525. El auto de Pierre Gasly y Franco [&hellip;]<\/p>\n","protected":false},"author":2,"featured_media":29696,"comment_status":"closed","ping_status":"closed","sticky":false,"template":"","format":"standard","meta":{"footnotes":""},"categories":[4,5],"tags":[4671,767,7158,7159,2711],"class_list":["post-29695","post","type-post","status-publish","format-standard","has-post-thumbnail","hentry","category-deportes","category-nacionales","tag-alpine","tag-autos","tag-diseno","tag-gran-premio-las-vegas","tag-nuevo"],"_links":{"self":[{"href":"https:\/\/partediario.com.ar\/index.php?rest_route=\/wp\/v2\/posts\/29695","targetHints":{"allow":["GET"]}}],"collection":[{"href":"https:\/\/partediario.com.ar\/index.php?rest_route=\/wp\/v2\/posts"}],"about":[{"href":"https:\/\/partediario.com.ar\/index.php?rest_route=\/wp\/v2\/types\/post"}],"author":[{"embeddable":true,"href":"https:\/\/partediario.com.ar\/index.php?rest_route=\/wp\/v2\/users\/2"}],"replies":[{"embeddable":true,"href":"https:\/\/partediario.com.ar\/index.php?rest_route=%2Fwp%2Fv2%2Fcomments&post=29695"}],"version-history":[{"count":1,"href":"https:\/\/partediario.com.ar\/index.php?rest_route=\/wp\/v2\/posts\/29695\/revisions"}],"predecessor-version":[{"id":29697,"href":"https:\/\/partediario.com.ar\/index.php?rest_route=\/wp\/v2\/posts\/29695\/revisions\/29697"}],"wp:featuredmedia":[{"embeddable":true,"href":"https:\/\/partediario.com.ar\/index.php?rest_route=\/wp\/v2\/media\/29696"}],"wp:attachment":[{"href":"https:\/\/partediario.com.ar\/index.php?rest_route=%2Fwp%2Fv2%2Fmedia&parent=29695"}],"wp:term":[{"taxonomy":"category","embeddable":true,"href":"https:\/\/partediario.com.ar\/index.php?rest_route=%2Fwp%2Fv2%2Fcategories&post=29695"},{"taxonomy":"post_tag","embeddable":true,"href":"https:\/\/partediario.com.ar\/index.php?rest_route=%2Fwp%2Fv2%2Ftags&post=29695"}],"curies":[{"name":"wp","href":"https:\/\/api.w.org\/{rel}","templated":true}]}}