{"id":29698,"date":"2025-11-18T19:17:09","date_gmt":"2025-11-18T22:17:09","guid":{"rendered":"https:\/\/partediario.com.ar\/?p=29698"},"modified":"2025-11-19T19:39:51","modified_gmt":"2025-11-19T22:39:51","slug":"jujuy-invitan-a-participar-de-jujuy-emprende-2025-para-potenciar-el-ecosistema-emprendedor-local","status":"publish","type":"post","link":"https:\/\/partediario.com.ar\/?p=29698","title":{"rendered":"Jujuy: invitan a participar de \u00abJujuy Emprende 2025\u00bb para potenciar el ecosistema emprendedor local"},"content":{"rendered":"\n<h2 class=\"wp-block-heading\">El evento, impulsado por la Mesa del Ecosistema Emprendedor de Jujuy, se llevar\u00e1 a cabo este 19 de noviembre de 2025, de 15 a 21, en el Centro Cultural \u00c9xodo Juje\u00f1o.<\/h2>\n\n\n\n<p>La Municipalidad de San Salvador de Jujuy, por intermedio del Club de Emprendedores, invita a toda la comunidad a ser parte de Jujuy Emprende 2025, un evento impulsado por la Mesa del Ecosistema Emprendedor de Jujuy que se realizar\u00e1 el 19 de noviembre de 2025, de 15 a 21 horas, en el Centro Cultural \u00c9xodo Juje\u00f1o.<\/p>\n\n\n\n<p>La iniciativa se gener\u00f3 con el prop\u00f3sito de dar visibilidad al creciente ecosistema emprendedor de la provincia, reuniendo en un \u00fanico espacio a emprendedores, empresas, instituciones educativas y organismos p\u00fablicos. El encuentro busca impulsar el desarrollo, la innovaci\u00f3n y la colaboraci\u00f3n, promoviendo un entorno favorable para el crecimiento econ\u00f3mico local.<\/p>\n\n\n\n<p>Durante una jornada completa de actividades, los participantes podr\u00e1n intercambiar experiencias, fortalecer sus redes de contacto y presentar proyectos que reflejan el talento, la creatividad y el potencial productivo de Jujuy.<\/p>\n\n\n\n<p>El evento se desarrolla en el contexto de la Semana Global del Emprendimiento, una celebraci\u00f3n internacional que se realiza cada mes de noviembre con el objetivo de inspirar a personas de todas las edades a emprender, innovar y transformar sus ideas en proyectos reales con impacto econ\u00f3mico y social.<\/p>\n\n\n\n<p>Durante esta semana, se llevan a cabo charlas, talleres, ferias y espacios de networking que buscan conectar emprendedores, empresas, instituciones educativas y gobiernos, fortaleciendo as\u00ed los ecosistemas locales. Jujuy se suma una vez m\u00e1s a esta iniciativa mundial con una propuesta integral y accesible.<\/p>\n\n\n\n<p>La convocatoria est\u00e1 abierta a, Emprendedores y emprendedoras de la regi\u00f3n; Estudiantes; Comerciantes y profesionales; Instituciones educativas y organizaciones locales; y p\u00fablico en general interesado en la cultura emprendedora<\/p>\n\n\n\n<p><strong>Agenda de actividades<\/strong><\/p>\n\n\n\n<p>15:00 a 15:30 &#8211; Acreditaci\u00f3n<br>15:30 a 16:00 &#8211; Palabras de inicio, presentaci\u00f3n y apertura de la mesa<br>16:00 a 16:45 &#8211; Panel Emprendedor<br>17:00 a 18:00 &#8211; Break de cafeter\u00eda y recorrido por las instituciones del ecosistema<br>18:00 a 18:30 &#8211; Living: Agustina Landa y un empresario de Jujuy<br>18:30 a 19:30 &#8211; Charla Central: Augusto Mustafa &#8211; Elepanats<br>19:30 a 21:00 &#8211; Networking: din\u00e1mica para vincular a todos los participantes<br>19:00 a 20:00 &#8211; After.<\/p>\n","protected":false},"excerpt":{"rendered":"<p>El evento, impulsado por la Mesa del Ecosistema Emprendedor de Jujuy, se llevar&aacute; a cabo este 19 de noviembre de 2025, de 15 a 21, en el Centro Cultural &Eacute;xodo Juje&ntilde;o. La Municipalidad de San Salvador de Jujuy, por intermedio del Club de Emprendedores, invita a toda la comunidad a ser parte de Jujuy Emprende [&hellip;]<\/p>\n","protected":false},"author":2,"featured_media":29699,"comment_status":"closed","ping_status":"closed","sticky":false,"template":"","format":"standard","meta":{"footnotes":""},"categories":[8,726],"tags":[680,7160,5822,753,7161],"class_list":["post-29698","post","type-post","status-publish","format-standard","has-post-thumbnail","hentry","category-provinciales","category-sociedad","tag-680","tag-emprende","tag-evento","tag-jujuy","tag-mesa-del-ecosistema-emprendedor"],"_links":{"self":[{"href":"https:\/\/partediario.com.ar\/index.php?rest_route=\/wp\/v2\/posts\/29698","targetHints":{"allow":["GET"]}}],"collection":[{"href":"https:\/\/partediario.com.ar\/index.php?rest_route=\/wp\/v2\/posts"}],"about":[{"href":"https:\/\/partediario.com.ar\/index.php?rest_route=\/wp\/v2\/types\/post"}],"author":[{"embeddable":true,"href":"https:\/\/partediario.com.ar\/index.php?rest_route=\/wp\/v2\/users\/2"}],"replies":[{"embeddable":true,"href":"https:\/\/partediario.com.ar\/index.php?rest_route=%2Fwp%2Fv2%2Fcomments&post=29698"}],"version-history":[{"count":1,"href":"https:\/\/partediario.com.ar\/index.php?rest_route=\/wp\/v2\/posts\/29698\/revisions"}],"predecessor-version":[{"id":29700,"href":"https:\/\/partediario.com.ar\/index.php?rest_route=\/wp\/v2\/posts\/29698\/revisions\/29700"}],"wp:featuredmedia":[{"embeddable":true,"href":"https:\/\/partediario.com.ar\/index.php?rest_route=\/wp\/v2\/media\/29699"}],"wp:attachment":[{"href":"https:\/\/partediario.com.ar\/index.php?rest_route=%2Fwp%2Fv2%2Fmedia&parent=29698"}],"wp:term":[{"taxonomy":"category","embeddable":true,"href":"https:\/\/partediario.com.ar\/index.php?rest_route=%2Fwp%2Fv2%2Fcategories&post=29698"},{"taxonomy":"post_tag","embeddable":true,"href":"https:\/\/partediario.com.ar\/index.php?rest_route=%2Fwp%2Fv2%2Ftags&post=29698"}],"curies":[{"name":"wp","href":"https:\/\/api.w.org\/{rel}","templated":true}]}}