{"id":29701,"date":"2025-11-18T23:56:48","date_gmt":"2025-11-19T02:56:48","guid":{"rendered":"https:\/\/partediario.com.ar\/?p=29701"},"modified":"2025-11-19T19:39:47","modified_gmt":"2025-11-19T22:39:47","slug":"jujuy-celebro-a-sus-referentes-el-foro-internacional-de-mujeres-lideres-por-la-paz-entrego-por-primera-vez-sus-distinciones","status":"publish","type":"post","link":"https:\/\/partediario.com.ar\/?p=29701","title":{"rendered":"Jujuy celebr\u00f3 a sus referentes: el Foro Internacional de Mujeres L\u00edderes por la Paz entreg\u00f3 por primera vez sus distinciones"},"content":{"rendered":"\n<h2 class=\"wp-block-heading\">La presidenta nacional del Foro, Julia Parav\u00e1n, encabez\u00f3 en San Salvador de Jujuy una emotiva ceremonia donde se reconoci\u00f3 a 25 personalidades locales por su aporte a la paz, la convivencia y el desarrollo comunitario. La visita se dio en el marco del Congreso de la Tradici\u00f3n.<\/h2>\n\n\n\n<p>La capital juje\u00f1a fue escenario de una jornada cargada de simbolismo y reconocimiento. En una actividad in\u00e9dita para la provincia, el Foro Internacional de Mujeres L\u00edderes por la Paz llev\u00f3 adelante la primera edici\u00f3n de sus premios locales, una iniciativa destinada a visibilizar a quienes sostienen, desde distintos \u00e1mbitos, tareas vinculadas al di\u00e1logo, la solidaridad y el fortalecimiento social.<\/p>\n\n\n\n<p>La ceremonia estuvo encabezada por la presidenta nacional del Foro, Julia Parav\u00e1n, quien lleg\u00f3 a Jujuy invitada a participar del Congreso de la Tradici\u00f3n. Acompa\u00f1ada por la referente provincial del espacio, Raquel Lacsi, Parav\u00e1n present\u00f3 los lineamientos de la organizaci\u00f3n y destac\u00f3 la necesidad de promover espacios donde las diferencias no se transformen en grietas. \u201cEl Foro propone evitar los puntos de choque que dividen a la sociedad. Creemos en la libertad de cada persona, siempre que esa libertad no da\u00f1e al otro\u201d, expres\u00f3 durante el encuentro.<\/p>\n\n\n\n<p>El reconocimiento se desarroll\u00f3 en un bar c\u00e9ntrico de la ciudad, en un clima de cercan\u00eda que reforz\u00f3 el esp\u00edritu del homenaje. All\u00ed, 25 referentes juje\u00f1os recibieron su distinci\u00f3n por su labor durante el 2025 en \u00e1reas sociales, comunitarias, culturales, educativas y period\u00edsticas, adem\u00e1s de un apartado especial para figuras del \u00e1mbito gauchesco y para quienes trabajan en la promoci\u00f3n de la paz.<\/p>\n\n\n\n<p><\/p>\n\n\n\n<figure class=\"wp-block-image size-large\"><img loading=\"lazy\" decoding=\"async\" width=\"1024\" height=\"379\" src=\"https:\/\/partediario.com.ar\/wp-content\/uploads\/WhatsApp-Image-2025-11-17-at-10.21.11-PM-1024x379.jpeg\" alt=\"\" class=\"wp-image-29703\" srcset=\"https:\/\/partediario.com.ar\/wp-content\/uploads\/WhatsApp-Image-2025-11-17-at-10.21.11-PM-1024x379.jpeg 1024w, https:\/\/partediario.com.ar\/wp-content\/uploads\/WhatsApp-Image-2025-11-17-at-10.21.11-PM-300x111.jpeg 300w, https:\/\/partediario.com.ar\/wp-content\/uploads\/WhatsApp-Image-2025-11-17-at-10.21.11-PM-768x284.jpeg 768w, https:\/\/partediario.com.ar\/wp-content\/uploads\/WhatsApp-Image-2025-11-17-at-10.21.11-PM.jpeg 1280w\" sizes=\"auto, (max-width: 1024px) 100vw, 1024px\" \/><\/figure>\n\n\n\n<p><\/p>\n\n\n\n<p>Entre las distinciones se destacaron las entregadas en Labor Social a Cristina Mendoza, Fernanda Luna, Justina Subia, Griselda V\u00e1zquez, Marta Mendoza, Mariana Gonz\u00e1lez, Y\u00e9sica Quispe, Fabiola Sajama, Norma Vergara, Luisa Jenks y Ana Aja Gual.<\/p>\n\n\n\n<p>En Labor Cultural fueron reconocidas Asunci\u00f3n Rodr\u00edguez, Irene Ballatore, Mirta D\u00edaz y Ely Artaza; mientras que el segmento Mujer Gaucha distingui\u00f3 a Sara Rueda y Elsa Tapia.<\/p>\n\n\n\n<p>En Labor Educativa, el reconocimiento fue para Jorgelina Caparr\u00f3s; y en Labor Period\u00edstica, para Mar\u00eda Eugenia Montero, Anal\u00eda Tolaba, Claudia Beleiz\u00e1n y Sandra D\u00edaz.<\/p>\n\n\n\n<p>Tambi\u00e9n se entreg\u00f3 una menci\u00f3n por Labor Tur\u00edstica a Mariana Zambrano.<\/p>\n\n\n\n<p>Finalmente, los premios a Gestores de Paz fueron otorgados a Dar\u00edo D\u2019Antuene y Humberto Arroyo, por su compromiso en acciones orientadas a la mediaci\u00f3n y la convivencia pac\u00edfica.<\/p>\n\n\n\n<p>La jornada concluy\u00f3 con un mensaje de Parav\u00e1n que sintetiz\u00f3 el esp\u00edritu del encuentro: \u201cCada reconocimiento es una invitaci\u00f3n a seguir construyendo paz desde lo cotidiano\u201d.<\/p>\n","protected":false},"excerpt":{"rendered":"<p>La presidenta nacional del Foro, Julia Parav&aacute;n, encabez&oacute; en San Salvador de Jujuy una emotiva ceremonia donde se reconoci&oacute; a 25 personalidades locales por su aporte a la paz, la convivencia y el desarrollo comunitario. La visita se dio en el marco del Congreso de la Tradici&oacute;n. La capital juje&ntilde;a fue escenario de una jornada [&hellip;]<\/p>\n","protected":false},"author":2,"featured_media":29704,"comment_status":"closed","ping_status":"closed","sticky":false,"template":"","format":"standard","meta":{"footnotes":""},"categories":[8,726],"tags":[2399,1305,753,7163,7162,974,421],"class_list":["post-29701","post","type-post","status-publish","format-standard","has-post-thumbnail","hentry","category-provinciales","category-sociedad","tag-foro","tag-internacional","tag-jujuy","tag-julia-paravan","tag-lideres","tag-mujeres","tag-paz"],"_links":{"self":[{"href":"https:\/\/partediario.com.ar\/index.php?rest_route=\/wp\/v2\/posts\/29701","targetHints":{"allow":["GET"]}}],"collection":[{"href":"https:\/\/partediario.com.ar\/index.php?rest_route=\/wp\/v2\/posts"}],"about":[{"href":"https:\/\/partediario.com.ar\/index.php?rest_route=\/wp\/v2\/types\/post"}],"author":[{"embeddable":true,"href":"https:\/\/partediario.com.ar\/index.php?rest_route=\/wp\/v2\/users\/2"}],"replies":[{"embeddable":true,"href":"https:\/\/partediario.com.ar\/index.php?rest_route=%2Fwp%2Fv2%2Fcomments&post=29701"}],"version-history":[{"count":1,"href":"https:\/\/partediario.com.ar\/index.php?rest_route=\/wp\/v2\/posts\/29701\/revisions"}],"predecessor-version":[{"id":29705,"href":"https:\/\/partediario.com.ar\/index.php?rest_route=\/wp\/v2\/posts\/29701\/revisions\/29705"}],"wp:featuredmedia":[{"embeddable":true,"href":"https:\/\/partediario.com.ar\/index.php?rest_route=\/wp\/v2\/media\/29704"}],"wp:attachment":[{"href":"https:\/\/partediario.com.ar\/index.php?rest_route=%2Fwp%2Fv2%2Fmedia&parent=29701"}],"wp:term":[{"taxonomy":"category","embeddable":true,"href":"https:\/\/partediario.com.ar\/index.php?rest_route=%2Fwp%2Fv2%2Fcategories&post=29701"},{"taxonomy":"post_tag","embeddable":true,"href":"https:\/\/partediario.com.ar\/index.php?rest_route=%2Fwp%2Fv2%2Ftags&post=29701"}],"curies":[{"name":"wp","href":"https:\/\/api.w.org\/{rel}","templated":true}]}}