{"id":29715,"date":"2025-11-20T10:40:21","date_gmt":"2025-11-20T13:40:21","guid":{"rendered":"https:\/\/partediario.com.ar\/?p=29715"},"modified":"2025-11-25T08:53:57","modified_gmt":"2025-11-25T11:53:57","slug":"no-pienso-en-la-reeleccion-pienso-en-hacer-mi-trabajo-senalo-milei","status":"publish","type":"post","link":"https:\/\/partediario.com.ar\/?p=29715","title":{"rendered":"\u201cNo pienso en la reelecci\u00f3n, pienso en hacer mi trabajo\u201d, se\u00f1al\u00f3 Milei"},"content":{"rendered":"\n<h2 class=\"wp-block-heading\">El presidente Javier Milei afirm\u00f3 que no est\u00e1 pensando en la reelecci\u00f3n, sino en \u201cresolver problemas\u201d, aunque dej\u00f3 entrever que aceptar\u00eda un nuevo mandato \u201csi la gente sigue acompa\u00f1ando\u201d su proyecto de gobierno en 2027.<\/h2>\n\n\n\n<p>\u201cTodav\u00eda quedan dos a\u00f1os. Es mucho, pero pueden ser cuatro m\u00e1s si me reeligen. Ese es el rango que corresponde que juegue\u201d, expres\u00f3.<\/p>\n\n\n\n<p>Y advirti\u00f3 que no est\u00e1 en sus planes \u201ccambiar la Constituci\u00f3n\u201d para continuar en el poder y agreg\u00f3 que \u201cno est\u00e1 en el men\u00fa de propuestas porque yo entr\u00e9 con estas reglas. Con un contrato por cuatro a\u00f1os, aunque a muchos no les guste. Si lo hce bien la gente acompa\u00f1ar\u00e1, sino elegir\u00e1n a otra persona\u201d, apunt\u00f3.<\/p>\n\n\n\n<p>\u201cNo pienso en la reelecci\u00f3n, pienso en hacer mi trabajo\u201d, destac\u00f3 el mandatario, y remarc\u00f3 haber \u201ccumplido (con las promesas electorales) en veinte meses. Ahora vienen las reformas de segunda generaci\u00f3n\u201d, se\u00f1al\u00f3 en declaraciones radiales.<\/p>\n\n\n\n<p>En ese tema, asegur\u00f3 que \u201cla reforma previsional no est\u00e1, es una mentira de los medios. Y la reforma laboral todav\u00eda es algo te\u00f3rico, no se puede armar sobre algo que no se sabe\u201d, subray\u00f3.<\/p>\n\n\n\n<p>Adem\u00e1s, puntualiz\u00f3 que \u201cla gente me vot\u00f3 para que resuelva problemas\u201d, y a\u00f1adi\u00f3 que debi\u00f3 \u201ctomar algunas decisiones\u201d, al explicar el recambio de algunos integrantes de su gabinete.<\/p>\n\n\n\n<p>Sobre el resultado de las \u00faltimas elecciones legislativas, Milei destac\u00f3 que La Libertad Avanza (LLA) obtuvo \u201cm\u00e1s de la mitad m\u00e1s uno de las bancas\u201d, en ambas c\u00e1maras, lo que supone un respaldo a su gesti\u00f3n, pero aclar\u00f3 que \u201ceso no es un cheque en blanco\u201d.<\/p>\n\n\n\n<p>Por otra parte, subray\u00f3 la buena relaci\u00f3n que tiene con sus ministros, con quienes tiene \u201cun v\u00ednculo muy fuerte desde lo humano y muy horizontal\u201d.<\/p>\n\n\n\n<p>\u201cEs una relaci\u00f3n h\u00edperarmoniosa (sic) y me siento honrado de estar acompa\u00f1ado por gente de este calibre. Son brillantes, son seres extraordinarios\u201d, precis\u00f3.<\/p>\n\n\n\n<p>Destac\u00f3 adem\u00e1s el rol de su hermana Karina, la secretaria General de la Presidencia, quien \u201cfue subestimada, pero demostr\u00f3 tener una capacidad enorme, incluso en cuestiones pol\u00edticas\u201d.<\/p>\n\n\n\n<p>Acerca de su encuentro reciente con Mauricio Macri, dijo: \u201cNo son cuestiones para ventilar, pero despu\u00e9s me felicit\u00f3 por la designaci\u00f3n de (Diego) Santilli -como jefe de Gabinete- y por el acuerdo con Estados Unidos. Podemos tener visiones diferentes, lo tomo desde ese punto de vista\u201d, cerr\u00f3.<\/p>\n","protected":false},"excerpt":{"rendered":"<p>El presidente Javier Milei afirm&oacute; que no est&aacute; pensando en la reelecci&oacute;n, sino en &ldquo;resolver problemas&rdquo;, aunque dej&oacute; entrever que aceptar&iacute;a un nuevo mandato &ldquo;si la gente sigue acompa&ntilde;ando&rdquo; su proyecto de gobierno en 2027. &ldquo;Todav&iacute;a quedan dos a&ntilde;os. Es mucho, pero pueden ser cuatro m&aacute;s si me reeligen. Ese es el rango que corresponde [&hellip;]<\/p>\n","protected":false},"author":2,"featured_media":29716,"comment_status":"closed","ping_status":"closed","sticky":false,"template":"","format":"standard","meta":{"footnotes":""},"categories":[5,176],"tags":[6421,5669,232,1032,1101,4627],"class_list":["post-29715","post","type-post","status-publish","format-standard","has-post-thumbnail","hentry","category-nacionales","category-politica","tag-6421","tag-diego-santilli","tag-javier-milei","tag-la-libertad-avanza","tag-mauricio-macri","tag-reeleccion"],"_links":{"self":[{"href":"https:\/\/partediario.com.ar\/index.php?rest_route=\/wp\/v2\/posts\/29715","targetHints":{"allow":["GET"]}}],"collection":[{"href":"https:\/\/partediario.com.ar\/index.php?rest_route=\/wp\/v2\/posts"}],"about":[{"href":"https:\/\/partediario.com.ar\/index.php?rest_route=\/wp\/v2\/types\/post"}],"author":[{"embeddable":true,"href":"https:\/\/partediario.com.ar\/index.php?rest_route=\/wp\/v2\/users\/2"}],"replies":[{"embeddable":true,"href":"https:\/\/partediario.com.ar\/index.php?rest_route=%2Fwp%2Fv2%2Fcomments&post=29715"}],"version-history":[{"count":1,"href":"https:\/\/partediario.com.ar\/index.php?rest_route=\/wp\/v2\/posts\/29715\/revisions"}],"predecessor-version":[{"id":29717,"href":"https:\/\/partediario.com.ar\/index.php?rest_route=\/wp\/v2\/posts\/29715\/revisions\/29717"}],"wp:featuredmedia":[{"embeddable":true,"href":"https:\/\/partediario.com.ar\/index.php?rest_route=\/wp\/v2\/media\/29716"}],"wp:attachment":[{"href":"https:\/\/partediario.com.ar\/index.php?rest_route=%2Fwp%2Fv2%2Fmedia&parent=29715"}],"wp:term":[{"taxonomy":"category","embeddable":true,"href":"https:\/\/partediario.com.ar\/index.php?rest_route=%2Fwp%2Fv2%2Fcategories&post=29715"},{"taxonomy":"post_tag","embeddable":true,"href":"https:\/\/partediario.com.ar\/index.php?rest_route=%2Fwp%2Fv2%2Ftags&post=29715"}],"curies":[{"name":"wp","href":"https:\/\/api.w.org\/{rel}","templated":true}]}}