{"id":2973,"date":"2024-06-20T18:47:39","date_gmt":"2024-06-20T21:47:39","guid":{"rendered":"https:\/\/partediario.com.ar\/?p=2973"},"modified":"2024-06-20T18:47:40","modified_gmt":"2024-06-20T21:47:40","slug":"descartan-la-pista-de-loan-visto-en-una-parrilla-en-entre-rios-el-parrillero-se-confundio","status":"publish","type":"post","link":"https:\/\/partediario.com.ar\/?p=2973","title":{"rendered":"Descartan la pista de Loan visto en una parrilla en Entre R\u00edos: \u00abEl parrillero se confundi\u00f3\u00bb"},"content":{"rendered":"\n<p><strong>Se confirm\u00f3 que Loan, el ni\u00f1o que est\u00e1 siendo intensamente buscado en Corrientes, no estuvo en una parrilla en ruta 12, en la zona sur de Entre R\u00edos.<\/strong><\/p>\n\n\n\n<p>Trabajadores informaron haber visto en una parrilla de Entre R\u00edos ubicada en ruta 12, en la zona del sur de la provincia a Loan Pe\u00f1a, el ni\u00f1o que est\u00e1 siendo intensamente buscado, que desaparecio el jueves pasado en Corrientes. Horas m\u00e1s tarde se confirm\u00f3 que esa hip\u00f3tesis no ten\u00eda validez.<\/p>\n\n\n\n<p>El jueves en la noche, cuando ya se hab\u00eda radicado en Corrientes la denuncia por la desaparici\u00f3n de Loan Danilo Pe\u00f1a, M\u00e1ximo fue a una parrilla junto a una pareja amiga que tiene un nene de seis a\u00f1os llamado Eliseo. \u201cEl parrillero, Mat\u00edas, lo vio y se confundi\u00f3, le pareci\u00f3 escuchar que el nombre del nene era Loan\u201d y le avis\u00f3 a la polic\u00eda, relat\u00f3 a medios nacionales.<\/p>\n\n\n\n<p>\u201cVen\u00edamos de Rosario, del Padre Ignacio, y vinimos justo a cenar porque ya era tarde. Nosotros nos enteramos hoy de la denuncia y nos comunicamos con la polic\u00eda caminera para quitar esa duda, para que vean que somos nosotros y la investigaci\u00f3n no se vaya por otro lado\u201d, se\u00f1al\u00f3 M\u00e1ximo.<\/p>\n\n\n\n<p>\u201cAc\u00e1 pasan miles de personas, miles de nenes, y en la noche, ya cansados y por el ansia de colaborar con la investigaci\u00f3n, capaz vieron y pensaron que pod\u00edan ayudar\u201d, indic\u00f3.<\/p>\n","protected":false},"excerpt":{"rendered":"<p>Se confirm&oacute; que Loan, el ni&ntilde;o que est&aacute; siendo intensamente buscado en Corrientes, no estuvo en una parrilla en ruta 12, en la zona sur de Entre R&iacute;os. Trabajadores informaron haber visto en una parrilla de Entre R&iacute;os ubicada en ruta 12, en la zona del sur de la provincia a Loan Pe&ntilde;a, el ni&ntilde;o [&hellip;]<\/p>\n","protected":false},"author":2,"featured_media":2951,"comment_status":"open","ping_status":"open","sticky":false,"template":"","format":"standard","meta":{"footnotes":""},"categories":[5,7,8],"tags":[448,724,257,489,703,704],"class_list":["post-2973","post","type-post","status-publish","format-standard","has-post-thumbnail","hentry","category-nacionales","category-policiales","category-provinciales","tag-corrientes","tag-descartan","tag-entre-rios","tag-loan-danilo-pena","tag-parrilla","tag-ruta-12"],"_links":{"self":[{"href":"https:\/\/partediario.com.ar\/index.php?rest_route=\/wp\/v2\/posts\/2973","targetHints":{"allow":["GET"]}}],"collection":[{"href":"https:\/\/partediario.com.ar\/index.php?rest_route=\/wp\/v2\/posts"}],"about":[{"href":"https:\/\/partediario.com.ar\/index.php?rest_route=\/wp\/v2\/types\/post"}],"author":[{"embeddable":true,"href":"https:\/\/partediario.com.ar\/index.php?rest_route=\/wp\/v2\/users\/2"}],"replies":[{"embeddable":true,"href":"https:\/\/partediario.com.ar\/index.php?rest_route=%2Fwp%2Fv2%2Fcomments&post=2973"}],"version-history":[{"count":1,"href":"https:\/\/partediario.com.ar\/index.php?rest_route=\/wp\/v2\/posts\/2973\/revisions"}],"predecessor-version":[{"id":2974,"href":"https:\/\/partediario.com.ar\/index.php?rest_route=\/wp\/v2\/posts\/2973\/revisions\/2974"}],"wp:featuredmedia":[{"embeddable":true,"href":"https:\/\/partediario.com.ar\/index.php?rest_route=\/wp\/v2\/media\/2951"}],"wp:attachment":[{"href":"https:\/\/partediario.com.ar\/index.php?rest_route=%2Fwp%2Fv2%2Fmedia&parent=2973"}],"wp:term":[{"taxonomy":"category","embeddable":true,"href":"https:\/\/partediario.com.ar\/index.php?rest_route=%2Fwp%2Fv2%2Fcategories&post=2973"},{"taxonomy":"post_tag","embeddable":true,"href":"https:\/\/partediario.com.ar\/index.php?rest_route=%2Fwp%2Fv2%2Ftags&post=2973"}],"curies":[{"name":"wp","href":"https:\/\/api.w.org\/{rel}","templated":true}]}}