{"id":29737,"date":"2025-11-20T18:57:51","date_gmt":"2025-11-20T21:57:51","guid":{"rendered":"https:\/\/partediario.com.ar\/?p=29737"},"modified":"2025-11-25T08:53:32","modified_gmt":"2025-11-25T11:53:32","slug":"causa-cuadernos-tercera-audiencia-donde-se-leyeron-las-acusaciones-y-se-discutio-por-la-falta-de-lugar","status":"publish","type":"post","link":"https:\/\/partediario.com.ar\/?p=29737","title":{"rendered":"Causa Cuadernos: tercera audiencia donde se leyeron las acusaciones y se discuti\u00f3 por la falta de lugar"},"content":{"rendered":"\n<h2 class=\"wp-block-heading\">El juicio por los cuadernos de las coimas inici\u00f3 la tercera audiencia de la megacausa que tiene procesada a la ex presidenta Cristina Kirchner y otros 85 imputados, entre ex funcionarios y empresarios, en una jornada en la que el Tribunal Oral Federal (TOF) 7, inform\u00f3 adem\u00e1s la oferta de la C\u00e1mara de Casaci\u00f3n por la modalidad del juicio.<\/h2>\n\n\n\n<p>El TOF 7, integrado por los jueces Enrique M\u00e9ndez Signori, Fernando Canero y Germ\u00e1n Castelli, y N\u00e9stor Costabel, como cuarto juez para integrar el tribunal, finaliz\u00f3 con la lectura de los descargos de 32 de las personas imputadas y los aportes de 19 imputados colaboradores, en el primer tramo de la causa \u201cCuadernos\u201d, en la que se investiga la existencia de una asociaci\u00f3n il\u00edcita entre 2003 y 2015.<\/p>\n\n\n\n<p>Comunicaron tambi\u00e9n la decisi\u00f3n adoptada luego de la reuni\u00f3n del 18 de noviembre pasado con la Superintendencia de la C\u00e1mara Nacional de Casaci\u00f3n Penal acerca de la modalidad y frecuencia de realizaci\u00f3n del debate oral, dada la cantidad de personas imputadas y testigos propuestos, que ascienden a m\u00e1s de 600.<\/p>\n\n\n\n<p>Los jueces del TOF 7, que la semana pasada decidieron sumar, a partir del 25 de noviembre, una segunda audiencia para los d\u00edas martes, presentaron un oficio donde reiteraron los pedidos, efectuados a los tribunales superiores y a la Corte Suprema de Justicia, sobre la dotaci\u00f3n de mayores recursos humanos y mejoras en la infraestructura edilicia.<\/p>\n\n\n\n<p>El juez Castelli subray\u00f3 que los magistrados pudieron llevar adelante la investigaci\u00f3n por la megacausa Cuadernos durante los \u00faltimos 6 a\u00f1os en una \u201cpeque\u00f1a sede\u201d, con un \u201c\u00fanico ba\u00f1o y una modesta sala de audiencias\u201d en el Palacio de Justicia ubicado en Talcahuano 550.<\/p>\n\n\n\n<p>Castelli indic\u00f3 que \u201ccon peticiones de recursos e infraestructura satisfechos solo parcialmnete a lo largo de 6 a\u00f1os, el tribunal logr\u00f3 iniciar el juicio oral y p\u00fablico en las condiciones que pudo\u201d.<\/p>\n\n\n\n<p>\u201cCon su peque\u00f1a sede, su \u00fanico ba\u00f1o y modesta sala de audiencia en el Palacio de Justicia\u201d, agreg\u00f3.<\/p>\n\n\n\n<p><strong>Sobreseimiento y cr\u00edticas de Cristina Kirchner<\/strong><\/p>\n\n\n\n<p>Por otro lado, el TOF dispuso apartar del debate y sobreseer a Enrique Menotti Pescarmona (83), presidente de Industrias Metal\u00fargicas Pescarmona (IMPSA) SAICyF-, quien presenta \u201cuna incapacidad mental sobreviniente derivada de una enfermedad neurodegenerativa progresiva\u201d, despu\u00e9s de que los jueces dieran intervenci\u00f3n a los especialistas del Cuerpo M\u00e9dico Forense (CMF).<\/p>\n\n\n\n<p>Por su parte, la ex presidenta Cristina Kirchner fustig\u00f3 nuevamente contra el juicio de los cuadernos al sostener que en la Argentina no \u201chay Estado de derecho\u201d, seg\u00fan expres\u00f3 en sus redes sociales antes de la audiencia.<\/p>\n\n\n\n<p><\/p>\n\n\n\n<blockquote class=\"twitter-tweet\"><p lang=\"es\" dir=\"ltr\">NUNCA EXAGERAMOS.<br><br>Todo lo que advertimos sobre las barbaridades, mentiras y falsificaciones perpetradas en estas causas de opereta judicial se termina demostrando que es cierto\u2026 una por una. Es como esas series malas en las que ya sab\u00e9s el final desde el primer cap\u00edtulo, pero\u2026 <a href=\"https:\/\/t.co\/ZKlR1YTt5P\">pic.twitter.com\/ZKlR1YTt5P<\/a><\/p>&mdash; Cristina Kirchner (@CFKArgentina) <a href=\"https:\/\/twitter.com\/CFKArgentina\/status\/1991474845255639326?ref_src=twsrc%5Etfw\">November 20, 2025<\/a><\/blockquote> <script async src=\"https:\/\/platform.twitter.com\/widgets.js\" charset=\"utf-8\"><\/script>\n\n\n\n<p><\/p>\n\n\n\n<p>\u201cTodo lo que advertimos sobre las barbaridades, mentiras y falsificaciones perpetradas en estas causas de opereta judicial se termina demostrando que es cierto\u2026 una por una. Es como esas series malas en las que ya sab\u00e9s el final desde el primer cap\u00edtulo, pero igual te sorprende lo burdo del guion\u201d, expres\u00f3 la ex mandataria.<\/p>\n\n\n\n<p>Para Cristina Kirchner, las pericias oficiales sobre los cuadernos \u201cconfirmaron que los cuadernos\u201d no fueron escritos, sino que \u201cfueron fabricados\u201d.<\/p>\n\n\n\n<p>#ParteDiario<\/p>\n","protected":false},"excerpt":{"rendered":"<p>El juicio por los cuadernos de las coimas inici&oacute; la tercera audiencia de la megacausa que tiene procesada a la ex presidenta Cristina Kirchner y otros 85 imputados, entre ex funcionarios y empresarios, en una jornada en la que el Tribunal Oral Federal (TOF) 7, inform&oacute; adem&aacute;s la oferta de la C&aacute;mara de Casaci&oacute;n por [&hellip;]<\/p>\n","protected":false},"author":2,"featured_media":29738,"comment_status":"closed","ping_status":"closed","sticky":false,"template":"","format":"standard","meta":{"footnotes":""},"categories":[979,5,176],"tags":[3816,4359,518,6166,7176],"class_list":["post-29737","post","type-post","status-publish","format-standard","has-post-thumbnail","hentry","category-judiciales","category-nacionales","category-politica","tag-audiencia","tag-causa","tag-cristina-kirchner","tag-cuadernos","tag-tercera"],"_links":{"self":[{"href":"https:\/\/partediario.com.ar\/index.php?rest_route=\/wp\/v2\/posts\/29737","targetHints":{"allow":["GET"]}}],"collection":[{"href":"https:\/\/partediario.com.ar\/index.php?rest_route=\/wp\/v2\/posts"}],"about":[{"href":"https:\/\/partediario.com.ar\/index.php?rest_route=\/wp\/v2\/types\/post"}],"author":[{"embeddable":true,"href":"https:\/\/partediario.com.ar\/index.php?rest_route=\/wp\/v2\/users\/2"}],"replies":[{"embeddable":true,"href":"https:\/\/partediario.com.ar\/index.php?rest_route=%2Fwp%2Fv2%2Fcomments&post=29737"}],"version-history":[{"count":2,"href":"https:\/\/partediario.com.ar\/index.php?rest_route=\/wp\/v2\/posts\/29737\/revisions"}],"predecessor-version":[{"id":29740,"href":"https:\/\/partediario.com.ar\/index.php?rest_route=\/wp\/v2\/posts\/29737\/revisions\/29740"}],"wp:featuredmedia":[{"embeddable":true,"href":"https:\/\/partediario.com.ar\/index.php?rest_route=\/wp\/v2\/media\/29738"}],"wp:attachment":[{"href":"https:\/\/partediario.com.ar\/index.php?rest_route=%2Fwp%2Fv2%2Fmedia&parent=29737"}],"wp:term":[{"taxonomy":"category","embeddable":true,"href":"https:\/\/partediario.com.ar\/index.php?rest_route=%2Fwp%2Fv2%2Fcategories&post=29737"},{"taxonomy":"post_tag","embeddable":true,"href":"https:\/\/partediario.com.ar\/index.php?rest_route=%2Fwp%2Fv2%2Ftags&post=29737"}],"curies":[{"name":"wp","href":"https:\/\/api.w.org\/{rel}","templated":true}]}}