{"id":3001,"date":"2024-06-21T10:28:04","date_gmt":"2024-06-21T13:28:04","guid":{"rendered":"https:\/\/partediario.com.ar\/?p=3001"},"modified":"2024-06-21T11:18:03","modified_gmt":"2024-06-21T14:18:03","slug":"detestable-vendian-leche-enviada-por-nacion-en-plena-via-publica-de-la-ciudad-de-concordia","status":"publish","type":"post","link":"https:\/\/partediario.com.ar\/?p=3001","title":{"rendered":"Detestable: vend\u00edan leche enviada por naci\u00f3n en plena v\u00eda p\u00fablica de la ciudad de Concordia"},"content":{"rendered":"\n<h3 class=\"wp-block-heading\">La Direcci\u00f3n de Bromatolog\u00eda en conjunto con la Direcci\u00f3n Inspecci\u00f3n General de la Municipalidad de Concordia procedieron al decomiso de leche en polvo enviada por el Gobierno Nacional y que era comercializada en la v\u00eda p\u00fablica.<\/h3>\n\n\n\n<p>El procedimiento se llev\u00f3 a cabo sobre calle G\u00fcemes al 1000 de Concordia donde una persona ten\u00eda para la venta, en la v\u00eda p\u00fablica, cajas de leche en polvo, marca \u201cVidalac\u201d con la leyenda \u201cprohibida su venta y\/o comercializaci\u00f3n.<\/p>\n\n\n\n<p>Se trat\u00f3 de 14 cajas de un kilo, procedentes del Gobierno Nacional.<\/p>\n\n\n\n<p>Cabe recordar que una situaci\u00f3n similar se detect\u00f3 en la provincia de Mendoza, donde vecinos de un barrio de la ciudad cordillerana, denunciaron la venta al p\u00fablico de la misma marca de leche, que tamb\u00eden hab\u00eda sido enviada desde el ministerio conducido por Sandra Petovello, tras una orden judicial.<\/p>\n","protected":false},"excerpt":{"rendered":"<p>La Direcci&oacute;n de Bromatolog&iacute;a en conjunto con la Direcci&oacute;n Inspecci&oacute;n General de la Municipalidad de Concordia procedieron al decomiso de leche en polvo enviada por el Gobierno Nacional y que era comercializada en la v&iacute;a p&uacute;blica. El procedimiento se llev&oacute; a cabo sobre calle G&uuml;emes al 1000 de Concordia donde una persona ten&iacute;a para la [&hellip;]<\/p>\n","protected":false},"author":2,"featured_media":3015,"comment_status":"open","ping_status":"open","sticky":false,"template":"","format":"standard","meta":{"footnotes":""},"categories":[7,8],"tags":[398,257,348,332,349],"class_list":["post-3001","post","type-post","status-publish","format-standard","has-post-thumbnail","hentry","category-policiales","category-provinciales","tag-concordia","tag-entre-rios","tag-leche","tag-nacion","tag-venta"],"_links":{"self":[{"href":"https:\/\/partediario.com.ar\/index.php?rest_route=\/wp\/v2\/posts\/3001","targetHints":{"allow":["GET"]}}],"collection":[{"href":"https:\/\/partediario.com.ar\/index.php?rest_route=\/wp\/v2\/posts"}],"about":[{"href":"https:\/\/partediario.com.ar\/index.php?rest_route=\/wp\/v2\/types\/post"}],"author":[{"embeddable":true,"href":"https:\/\/partediario.com.ar\/index.php?rest_route=\/wp\/v2\/users\/2"}],"replies":[{"embeddable":true,"href":"https:\/\/partediario.com.ar\/index.php?rest_route=%2Fwp%2Fv2%2Fcomments&post=3001"}],"version-history":[{"count":1,"href":"https:\/\/partediario.com.ar\/index.php?rest_route=\/wp\/v2\/posts\/3001\/revisions"}],"predecessor-version":[{"id":3003,"href":"https:\/\/partediario.com.ar\/index.php?rest_route=\/wp\/v2\/posts\/3001\/revisions\/3003"}],"wp:featuredmedia":[{"embeddable":true,"href":"https:\/\/partediario.com.ar\/index.php?rest_route=\/wp\/v2\/media\/3015"}],"wp:attachment":[{"href":"https:\/\/partediario.com.ar\/index.php?rest_route=%2Fwp%2Fv2%2Fmedia&parent=3001"}],"wp:term":[{"taxonomy":"category","embeddable":true,"href":"https:\/\/partediario.com.ar\/index.php?rest_route=%2Fwp%2Fv2%2Fcategories&post=3001"},{"taxonomy":"post_tag","embeddable":true,"href":"https:\/\/partediario.com.ar\/index.php?rest_route=%2Fwp%2Fv2%2Ftags&post=3001"}],"curies":[{"name":"wp","href":"https:\/\/api.w.org\/{rel}","templated":true}]}}